{"id":942,"date":"2020-02-27T19:08:50","date_gmt":"2020-02-27T18:08:50","guid":{"rendered":"https:\/\/consbelohorizonte.esteri.it\/news\/dal_consolato\/2020\/02\/emergenza-covid-19-coronavirus-2\/"},"modified":"2020-02-27T19:08:50","modified_gmt":"2020-02-27T18:08:50","slug":"emergenza-covid-19-coronavirus-2","status":"publish","type":"post","link":"https:\/\/consbelohorizonte.esteri.it\/pt\/news\/dal_consolato\/2020\/02\/emergenza-covid-19-coronavirus-2\/","title":{"rendered":"AVISO URGENTE! NOVO REGULAMENTO DE ENTRADA DO BRASIL NA IT\u00c1LIA"},"content":{"rendered":"<p><html><br \/>\n<head><br \/>\n<meta http-equiv=Content-Type content=\"text\/html; charset=windows-1252\"><br \/>\n<meta name=Generator content=\"Microsoft Word 15 (filtered)\"><\/p>\n<style>\n<!--\n \/* Font Definitions *\/\n @font-face\n\t{font-family:\"Cambria Math\";\n\tpanose-1:2 4 5 3 5 4 6 3 2 4;}\n@font-face\n\t{font-family:\"Titillium Web\";}\n \/* Style Definitions *\/\n p.MsoNormal, li.MsoNormal, div.MsoNormal\n\t{margin-top:0cm;\n\tmargin-right:0cm;\n\tmargin-bottom:8.0pt;\n\tmargin-left:0cm;\n\tline-height:107%;\n\tfont-size:11.0pt;\n\tfont-family:\"Calibri\",sans-serif;}\na:link, span.MsoHyperlink\n\t{color:#38518A;\n\ttext-decoration:none none;}\na:visited, span.MsoHyperlinkFollowed\n\t{color:#954F72;\n\ttext-decoration:underline;}\np\n\t{margin-top:0cm;\n\tmargin-right:0cm;\n\tmargin-bottom:6.4pt;\n\tmargin-left:0cm;\n\tfont-size:12.0pt;\n\tfont-family:\"Times New Roman\",serif;}\n.MsoChpDefault\n\t{font-family:\"Calibri\",sans-serif;}\n.MsoPapDefault\n\t{margin-bottom:8.0pt;\n\tline-height:107%;}\n@page WordSection1\n\t{size:595.3pt 841.9pt;\n\tmargin:70.85pt 2.0cm 2.0cm 2.0cm;}\ndiv.WordSection1\n\t{page:WordSection1;}\n-->\n<\/style>\n<p><\/head><\/p>\n<p><body lang=IT link=\"#38518A\" vlink=\"#954F72\"><\/p>\n<div class=WordSection1>\n<p class=MsoNormal style='margin-bottom:6.4pt;text-align:justify;line-height:\nnormal'><span lang=PT style='font-size:12.0pt;font-family:\"Titillium Web\";\ncolor:#484848'>Com esta <a\nhref=\"https:\/\/www.esteri.it\/wp-content\/uploads\/2022\/02\/OM-22-2-22_def_signed.pdf\">Portaria<br \/>\ndo Ministro da Sa\u00fade<\/a>, a partir de 1 de mar\u00e7o de 2022 (e at\u00e9 31 de mar\u00e7o de<br \/>\n2022) as medidas previstas pela Portaria do Ministro da Sa\u00fade de 28 de setembro<br \/>\nde 2021, 22 de outubro de 2021, 14 de dezembro de 2021 e 27 de janeiro de 2022<br \/>\ndeixam de ser aplic\u00e1veis.<\/span><\/p>\n<p class=MsoNormal style='margin-bottom:6.4pt;text-align:justify;line-height:\nnormal'><span lang=PT style='font-size:12.0pt;font-family:\"Titillium Web\";\ncolor:#484848'>Em particular, s\u00e3o eliminadas as listas de pa\u00edses e as regras<br \/>\npara entrar no pa\u00eds s\u00e3o padronizadas. A entrada na It\u00e1lia ser\u00e1 permitida<br \/>\nmediante apresenta\u00e7\u00e3o de:<\/span><\/p>\n<p class=MsoNormal style='margin-bottom:6.4pt;text-align:justify;line-height:\nnormal'><span lang=PT style='font-size:12.0pt;font-family:\"Titillium Web\";\ncolor:#484848'>&#8211; O Formul\u00e1rio Digital de Localiza\u00e7\u00e3o de Passageiros (PLF) em<br \/>\nformato digital ou em papel;<\/span><\/p>\n<p class=MsoNormal style='margin-bottom:6.4pt;text-align:justify;line-height:\nnormal'><span lang=PT style='font-size:12.0pt;font-family:\"Titillium Web\";\ncolor:#484848'>&#8211; A certifica\u00e7\u00e3o verde Covid-19 (certificado de vacina\u00e7\u00e3o,<br \/>\ncertificado de recupera\u00e7\u00e3o ou teste molecular ou antig\u00eanico negativo) ou outra<br \/>\ncertifica\u00e7\u00e3o de vacina\u00e7\u00e3o reconhecida como equivalente.<\/span><\/p>\n<p class=MsoNormal style='margin-bottom:6.4pt;text-align:justify;line-height:\nnormal'><span lang=PT style='font-size:12.0pt;font-family:\"Titillium Web\";\ncolor:#484848'>Somente no caso de n\u00e3o apresenta\u00e7\u00e3o de uma das certifica\u00e7\u00f5es<br \/>\nacima ser\u00e1 aplicada a medida de quarentena por um per\u00edodo de 5 dias com a<br \/>\nobriga\u00e7\u00e3o de se submeter a testes moleculares ou antig\u00eanicos no final do<br \/>\nper\u00edodo.<\/span><\/p>\n<p class=MsoNormal style='margin-bottom:6.4pt;text-align:justify;line-height:\nnormal'><span lang=PT style='font-size:12.0pt;font-family:\"Titillium Web\";\ncolor:#484848'>Desde 23 de setembro, o Minist\u00e9rio da Sa\u00fade reconheceu (<a\nhref=\"https:\/\/www.esteri.it\/wp-content\/uploads\/2022\/02\/OM-22-2-22_def_signed.pdf\">com<br \/>\nesta Circular<\/a>) a equival\u00eancia de certas vacinas administradas por<br \/>\nautoridades sanit\u00e1rias estrangeiras \u00e0quelas realizadas dentro do Plano Nacional<br \/>\nde Vacinas para a preven\u00e7\u00e3o da SARS-CoV-2.<\/span><\/p>\n<p class=MsoNormal style='margin-bottom:6.4pt;text-align:justify;line-height:\nnormal'><span lang=PT style='font-size:12.0pt;font-family:\"Titillium Web\";\ncolor:#484848'>Estes s\u00e3o, em particular<\/span><\/p>\n<p class=MsoNormal style='margin-bottom:6.4pt;text-align:justify;line-height:\nnormal'><span lang=PT style='font-size:12.0pt;font-family:\"Titillium Web\";\ncolor:#484848'>&#8211; vacinas reconhecidas pela EMA &#8211; Ag\u00eancia Europ\u00e9ia de<br \/>\nMedicamentos (<a\nhref=\"https:\/\/www.trovanorme.salute.gov.it\/norme\/renderNormsanPdf?anno=2021&#038;codLeg=82920&#038;parte=1%20&#038;serie=null\">ver<br \/>\nAnexo no. 1 da Circular<\/a>);<\/span><\/p>\n<p class=MsoNormal style='margin-bottom:6.4pt;text-align:justify;line-height:\nnormal'><span lang=PT style='font-size:12.0pt;font-family:\"Titillium Web\";\ncolor:#484848'>&#8211; Covishield (Serum Institute of India), produzido sob licen\u00e7a<br \/>\npela AstraZeneca;<\/span><\/p>\n<p class=MsoNormal style='margin-bottom:6.4pt;text-align:justify;line-height:\nnormal'><span lang=PT style='font-size:12.0pt;font-family:\"Titillium Web\";\ncolor:#484848'>&#8211; R-CoVI (R-Pharm), fabricado sob licen\u00e7a da AstraZeneca;<\/span><\/p>\n<p class=MsoNormal style='margin-bottom:6.4pt;text-align:justify;line-height:\nnormal'><span lang=PT style='font-size:12.0pt;font-family:\"Titillium Web\";\ncolor:#484848'>&#8211; Covid-19 vacina-recombinante (Fiocruz), produzido sob licen\u00e7a<br \/>\npela AstraZeneca.<\/span><\/p>\n<p class=MsoNormal style='margin-bottom:6.4pt;text-align:justify;line-height:\nnormal'><span lang=PT style='font-size:12.0pt;font-family:\"Titillium Web\";\ncolor:#484848'>\u00a0<\/span><\/p>\n<p class=MsoNormal style='margin-bottom:6.4pt;text-align:justify;line-height:\nnormal'><span lang=PT style='font-size:12.0pt;font-family:\"Titillium Web\";\ncolor:#484848'>Ap\u00f3s este reconhecimento<\/span><\/p>\n<p class=MsoNormal style='margin-bottom:6.4pt;text-align:justify;line-height:\nnormal'><span lang=PT style='font-size:12.0pt;font-family:\"Titillium Web\";\ncolor:#484848'>&#8211; Os cidad\u00e3os italianos (inclusive os residentes no exterior) e<br \/>\nseus familiares coabitantes, independentemente de estarem registrados no<br \/>\nServi\u00e7o Nacional de Sa\u00fade ou no SASN (Assist\u00eancia Sanit\u00e1ria \u00e0 Tripula\u00e7\u00e3o<br \/>\nA\u00e9rea), e todas as pessoas registradas a qualquer t\u00edtulo no Servi\u00e7o Nacional de<br \/>\nSa\u00fade que tenham sido vacinadas no exterior com as vacinas acima ou que tenham<br \/>\nse recuperado da COVID-19 no exterior, poder\u00e3o solicitar, se j\u00e1 estiverem em<br \/>\nterrit\u00f3rio italiano, a emiss\u00e3o do Green Pass, indo \u00e0s autoridades sanit\u00e1rias<br \/>\nlocais de compet\u00eancia territorial;<\/span><\/p>\n<p class=MsoNormal style='margin-bottom:6.4pt;text-align:justify;line-height:\nnormal'><span lang=PT style='font-size:12.0pt;font-family:\"Titillium Web\";\ncolor:#484848'>&#8211; todos os outros cidad\u00e3os estrangeiros vacinados no exterior<br \/>\ncom as vacinas acima mencionadas ter\u00e3o o direito de acessar, em territ\u00f3rio<br \/>\nnacional, todos os lugares e servi\u00e7os para os quais o Green Pass \u00e9 necess\u00e1rio.<br \/>\nPara serem reconhecidos como equivalentes ao Green Pass, os certificados sobre<br \/>\na vacina recebidos no exterior devem conter as seguintes informa\u00e7\u00f5es: dados de<br \/>\nidentifica\u00e7\u00e3o do titular, dados sobre a vacina, data(s) de administra\u00e7\u00e3o da<br \/>\nvacina, dados de identifica\u00e7\u00e3o da pessoa que emitiu o certificado; tamb\u00e9m devem<br \/>\nser escritos em italiano, ingl\u00eas, franc\u00eas, espanhol ou alem\u00e3o ou, se forem<br \/>\nemitidos em outro idioma, devem ser acompanhados de uma tradu\u00e7\u00e3o juramentada.<\/span><\/p>\n<p class=MsoNormal style='margin-bottom:6.4pt;text-align:justify;line-height:\nnormal'><span lang=PT style='font-size:12.0pt;font-family:\"Titillium Web\";\ncolor:#484848'>Para maiores informa\u00e7\u00f5es:<\/span><\/p>\n<p class=MsoNormal style='margin-bottom:6.4pt;text-align:justify;line-height:\nnormal'><span lang=PT style='font-size:12.0pt;font-family:\"Titillium Web\";\ncolor:#484848'><a\nhref=\"https:\/\/www.esteri.it\/it\/ministero\/normativaonline\/focus-cittadini-italiani-in-rientro-dall-estero-e-cittadini-stranieri-in-italia\/\">https:\/\/www.esteri.it\/it\/ministero\/normativaonline\/focus-cittadini-italiani-in-rientro-dall-estero-e-cittadini-stranieri-in-italia\/<\/a>\u00a0<\/span><\/p>\n<p class=MsoNormal style='margin-bottom:6.4pt;text-align:justify;line-height:\nnormal'><span lang=PT style='font-size:12.0pt;font-family:\"Titillium Web\";\ncolor:#484848'>\u00a0<\/span><\/p>\n<p class=MsoNormal style='margin-bottom:6.4pt;text-align:justify;line-height:\nnormal'><span lang=EN-US style='font-size:12.0pt;font-family:\"Titillium Web\";\ncolor:#484848'>&#8212;&#8212;&#8212;&#8212;&#8212;&#8212;&#8212;&#8212;&#8212;&#8212;&#8212;&#8212;&#8212;&#8212;&#8212;&#8212;&#8212;&#8212;&#8212;&#8212;&#8212;&#8212;&#8212;&#8212;&#8212;&#8212;&#8211;<\/span><\/p>\n<p class=MsoNormal style='margin-bottom:6.4pt;text-align:justify;line-height:\nnormal'><span lang=EN-US style='font-size:12.0pt;font-family:\"Titillium Web\";\ncolor:#484848'>\u00a0<\/span><\/p>\n<p class=MsoNormal style='margin-bottom:6.4pt;text-align:justify;line-height:\nnormal'><b><span lang=EN-US style='font-size:12.0pt;font-family:\"Titillium Web\";\ncolor:#484848'>SURINAM AIRWAYS AND CARRIBEAN AIRLINES<\/span><\/b><\/p>\n<p class=MsoNormal style='margin-bottom:6.4pt;text-align:justify;line-height:\nnormal'><span lang=EN-US style='font-size:12.0pt;font-family:\"Titillium Web\";\ncolor:#484848'>On March 13, the Government of Suriname announced one confirmed<br \/>\ncase of COVID-19 in Suriname and the decision to close all ports of entry<br \/>\nstarting March 14, including airports, border ferry crossings, and land<br \/>\nborders. The borders remain closed for foreigners, subject to some limited<br \/>\nexceptions, previously authorized and under the conditions established by the<br \/>\nGovernment of Suriname.<\/span><\/p>\n<p class=MsoNormal style='margin-bottom:6.4pt;text-align:justify;line-height:\nnormal'><span lang=EN-US style='font-size:12.0pt;font-family:\"Titillium Web\";\ncolor:#484848'>Passengers holding a ticket for the Surinam Airways flights are<br \/>\nadvised to contact the company&#8217;s offices for a verification of their booking.<br \/>\nFor more information, please visit the Surinam Airways website:<br \/>\nhttps:\/\/www.flyslm.com\/en\/announcement-covid-19\/<\/span><\/p>\n<p class=MsoNormal style='margin-bottom:6.4pt;text-align:justify;line-height:\nnormal'><span lang=EN-US style='font-size:12.0pt;font-family:\"Titillium Web\";\ncolor:#484848'>Passengers holding a ticket for Caribbean Airlines flights on<br \/>\nthese dates are advised to contact the airline&#8217;s offices to verify their<br \/>\nbooking. For more information, please visit the Carribean Airlines website:<br \/>\nhttps:\/\/www.caribbean-airlines.com\/#\/caribbean-experience\/media-releases\/259.<\/span><\/p>\n<\/div>\n<p><\/body><\/p>\n<p><\/html><br \/>\n\u00a0<\/p>\n","protected":false},"excerpt":{"rendered":"Com esta Portaria do Ministro da Sa\u00fade, a partir de 1 de mar\u00e7o de 2022 (e at\u00e9 31 de mar\u00e7o de 2022) as medidas previstas pela Portaria do Ministro da Sa\u00fade de 28 de setembro de 2021, 22 de outubro de 2021, 14 de dezembro de 2021 e 27 de janeiro de 2022 deixam de [&hellip;]","protected":false},"author":1,"featured_media":0,"comment_status":"","ping_status":"","sticky":false,"template":"","format":"standard","meta":{"footnotes":""},"tags":[],"class_list":["post-942","post","type-post","status-publish","format-standard","hentry"],"_links":{"self":[{"href":"https:\/\/consbelohorizonte.esteri.it\/pt\/wp-json\/wp\/v2\/posts\/942","targetHints":{"allow":["GET"]}}],"collection":[{"href":"https:\/\/consbelohorizonte.esteri.it\/pt\/wp-json\/wp\/v2\/posts"}],"about":[{"href":"https:\/\/consbelohorizonte.esteri.it\/pt\/wp-json\/wp\/v2\/types\/post"}],"author":[{"embeddable":true,"href":"https:\/\/consbelohorizonte.esteri.it\/pt\/wp-json\/wp\/v2\/users\/1"}],"replies":[{"embeddable":true,"href":"https:\/\/consbelohorizonte.esteri.it\/pt\/wp-json\/wp\/v2\/comments?post=942"}],"version-history":[{"count":0,"href":"https:\/\/consbelohorizonte.esteri.it\/pt\/wp-json\/wp\/v2\/posts\/942\/revisions"}],"wp:attachment":[{"href":"https:\/\/consbelohorizonte.esteri.it\/pt\/wp-json\/wp\/v2\/media?parent=942"}],"wp:term":[{"taxonomy":"post_tag","embeddable":true,"href":"https:\/\/consbelohorizonte.esteri.it\/pt\/wp-json\/wp\/v2\/tags?post=942"}],"curies":[{"name":"wp","href":"https:\/\/api.w.org\/{rel}","templated":true}]}}