{"id":870,"date":"2020-04-23T14:44:15","date_gmt":"2020-04-23T12:44:15","guid":{"rendered":"https:\/\/consbelohorizonte.esteri.it\/news\/dal_consolato\/2020\/04\/la-cultura-non-si-ferma-scopri-2\/"},"modified":"2020-04-23T14:44:15","modified_gmt":"2020-04-23T12:44:15","slug":"la-cultura-non-si-ferma-scopri-2","status":"publish","type":"post","link":"https:\/\/consbelohorizonte.esteri.it\/pt\/news\/dal_consolato\/2020\/04\/la-cultura-non-si-ferma-scopri-2\/","title":{"rendered":"A CULTURA N\u00c3O PARA: DESCUBRA AS MUITAS INICIATIVAS MULTIM\u00cdDIA PENSADAS PARA VOC\u00ca!"},"content":{"rendered":"<p>A promo\u00e7\u00e3o da l\u00edngua e cultura italiana realizada pela Embaixada, os Consulados e os Institutos Italianos de Cultura no Brasil n\u00e3o para! Embora a pandemia tenha interrompido a rica programa\u00e7\u00e3o cultural pensada para o nosso p\u00fablico, continuamos nossas atividades online!<\/p>\n<p>Descubra todas as iniciativas!<\/p>\n<p>________________________<\/p>\n<p>\u00a0<\/p>\n<p><a href=\"it\/la_comunicazione\/dal_consolato\/2020\/04\/design-e-processo-creativo-no-setor.html\"><span style=\"text-decoration: underline;\"><strong>Design e processo creativo no setor da moda: a Italia que inspira<\/strong><\/span><\/a>\u00a0<\/p>\n<p><a href=\"it\/la_comunicazione\/dal_consolato\/2020\/04\/weareitaly-dia-nacional-da-literatura.html\"><span style=\"text-decoration: underline;\"><strong>Gianni Rodari 100<\/strong><\/span><\/a><\/p>\n<p><a href=\"https:\/\/iicsanpaolo.esteri.it\/iic_sanpaolo\/it\/gli_eventi\/calendario\/2020\/03\/mostra-il-centenario-fellini-nel.html\"><strong><span style=\"text-decoration: underline;\">Visita virtuale alla mostra \u201cIl Centenario. Fellini nel Mondo\u201d<\/span><\/strong><\/a><\/p>\n<p><a href=\"https:\/\/iicsanpaolo.esteri.it\/iic_sanpaolo\/it\/gli_eventi\/calendario\/2020\/04\/quinto-centenario-da-morte-do-grande.html\"><span style=\"text-decoration: underline;\"><strong>Quinto centenario dalla morte di Raffaello Sanzio (1520-2020)<\/strong><\/span><\/a><\/p>\n<p><a href=\"https:\/\/iicsanpaolo.esteri.it\/iic_sanpaolo\/it\/gli_eventi\/calendario\/2020\/04\/gruppo-di-lettura-virtuale-alessandro.html\"><strong><span style=\"text-decoration: underline;\">Gruppo di lettura virtuale: Alessandro Manzoni \u2013 La peste ne &#8220;I promessi sposi\u201d<\/span><\/strong><\/a><\/p>\n<p><a href=\"https:\/\/iicrio.esteri.it\/IIC_RioDeJaneiro\/it\/gli_eventi\/calendario\/centenario-gianni-rodari-e-se-com.html\"><span style=\"text-decoration: underline;\"><strong>Centenario Gianni Rodari: E se &#8230;? Ciclo di letture online con Savio Moll<\/strong><\/span><\/a><\/p>\n<p><a href=\"https:\/\/iicrio.esteri.it\/iic_riodejaneiro\/it\/gli_eventi\/calendario\/2020\/04\/cinco-novas-operas-estreiam-no.html\"><span style=\"text-decoration: underline;\"><strong>Festival Verdi Home Streaming: Cinque nuove Opere<\/strong><\/span><\/a><\/p>\n<p><a href=\"https:\/\/iicrio.esteri.it\/iic_riodejaneiro\/it\/gli_eventi\/calendario\/2020\/04\/biff-brasilia-international-film.html\"><span style=\"text-decoration: underline;\"><strong>BIFF &#8211; Bras\u00edlia International Film Festival: Partecipazione Italiana<\/strong><\/span><\/a><\/p>\n<p><a href=\"https:\/\/iicrio.esteri.it\/iic_riodejaneiro\/it\/gli_eventi\/calendario\/2020\/08\/weareitaly-cinema-e-audiovisivi.html\"><span style=\"text-decoration: underline;\"><strong>#WeAreItaly: Cinema e Audiovisivi<\/strong><\/span><\/a><a href=\"https:\/\/iicrio.esteri.it\/iic_riodejaneiro\/it\/gli_eventi\/calendario\/2020\/04\/biff-brasilia-international-film.html\"><\/a><\/p>\n<p><a href=\"https:\/\/iicrio.esteri.it\/iic_riodejaneiro\/it\/gli_eventi\/calendario\/2020\/08\/weareitaly-musica-e-teatro.html\"><span style=\"text-decoration: underline;\"><strong>#WeAreItaly: Musica e Teatro<\/strong><\/span><\/a><\/p>\n<p><a href=\"https:\/\/iicrio.esteri.it\/iic_riodejaneiro\/it\/gli_eventi\/calendario\/2020\/08\/weareitaly-arte-e-design.html\"><span style=\"text-decoration: underline;\"><strong>#WeAreItaly: Arte e Design<\/strong><\/span><\/a><\/p>\n<p><a href=\"https:\/\/iicsanpaolo.esteri.it\/iic_sanpaolo\/it\/imparare-italiano\/i-corsi-di-lingua\"><span style=\"text-decoration: underline;\"><strong>Corsi di Lingua online dell\u2019Istituto Italiano di Cultura di San Paolo<\/strong><\/span><\/a><\/p>\n<p><a href=\"https:\/\/iicrio.esteri.it\/iic_riodejaneiro\/it\/imparare_italiano\/corsi\/corsi-di-lingua-online.html\"><strong><span style=\"text-decoration: underline;\">Corsi di lingua online dell\u2019Istituto Italiano di Cultura di rio de Janeiro<\/span><\/strong><\/a><\/p>\n<p>\u00a0<\/p>\n<p>_____________________________________________________<\/p>\n<p>Siga as redes sociais do Consulado e descubra mais conte\u00fado!<\/p>\n<p>Twitter:\u00a0<span style=\"text-decoration: underline;\"><strong><a href=\"https:\/\/twitter.com\/ItalyinBH\">@ItalyinBH<\/a><a href=\"https:\/\/twitter.com\/ItalyinBH?ref_src=twsrc%5Egoogle%7Ctwcamp%5Eserp%7Ctwgr%5Eauthor\"><\/a><\/strong><\/span>\u00a0<\/p>\n<p>Instagram: <a href=\"https:\/\/www.instagram.com\/italyinbh\/?hl=it\"><span style=\"text-decoration: underline;\"><strong>@italyinBH<\/strong><\/span><\/a><\/p>\n<p>\u00a0<\/p>\n","protected":false},"excerpt":{"rendered":"A promo\u00e7\u00e3o da l\u00edngua e cultura italiana realizada pela Embaixada, os Consulados e os Institutos Italianos de Cultura no Brasil n\u00e3o para! Embora a pandemia tenha interrompido a rica programa\u00e7\u00e3o cultural pensada para o nosso p\u00fablico, continuamos nossas atividades online! Descubra todas as iniciativas! ________________________ \u00a0 Design e processo creativo no setor da moda: a [&hellip;]","protected":false},"author":1,"featured_media":0,"comment_status":"","ping_status":"","sticky":false,"template":"","format":"standard","meta":{"footnotes":""},"tags":[],"class_list":["post-870","post","type-post","status-publish","format-standard","hentry"],"_links":{"self":[{"href":"https:\/\/consbelohorizonte.esteri.it\/pt\/wp-json\/wp\/v2\/posts\/870","targetHints":{"allow":["GET"]}}],"collection":[{"href":"https:\/\/consbelohorizonte.esteri.it\/pt\/wp-json\/wp\/v2\/posts"}],"about":[{"href":"https:\/\/consbelohorizonte.esteri.it\/pt\/wp-json\/wp\/v2\/types\/post"}],"author":[{"embeddable":true,"href":"https:\/\/consbelohorizonte.esteri.it\/pt\/wp-json\/wp\/v2\/users\/1"}],"replies":[{"embeddable":true,"href":"https:\/\/consbelohorizonte.esteri.it\/pt\/wp-json\/wp\/v2\/comments?post=870"}],"version-history":[{"count":0,"href":"https:\/\/consbelohorizonte.esteri.it\/pt\/wp-json\/wp\/v2\/posts\/870\/revisions"}],"wp:attachment":[{"href":"https:\/\/consbelohorizonte.esteri.it\/pt\/wp-json\/wp\/v2\/media?parent=870"}],"wp:term":[{"taxonomy":"post_tag","embeddable":true,"href":"https:\/\/consbelohorizonte.esteri.it\/pt\/wp-json\/wp\/v2\/tags?post=870"}],"curies":[{"name":"wp","href":"https:\/\/api.w.org\/{rel}","templated":true}]}}