{"id":860,"date":"2020-05-04T20:11:14","date_gmt":"2020-05-04T18:11:14","guid":{"rendered":"https:\/\/consbelohorizonte.esteri.it\/news\/dal_consolato\/2020\/05\/bando-di-selezione-rivolto-a-20-2\/"},"modified":"2020-05-04T20:11:14","modified_gmt":"2020-05-04T18:11:14","slug":"bando-di-selezione-rivolto-a-20-2","status":"publish","type":"post","link":"https:\/\/consbelohorizonte.esteri.it\/pt\/news\/dal_consolato\/2020\/05\/bando-di-selezione-rivolto-a-20-2\/","title":{"rendered":"Edital de sele\u00e7\u00e3o destinado a 20 cidad\u00e3os de pa\u00edses da Am\u00e9rica Latina, incluindo o Brasil, interessados em se inscrever em um dos cursos ativados para o pr\u00f3ximo ano acad\u00eamico 2020-2021 da Universidade do Molise"},"content":{"rendered":"<p>A <a href=\"https:\/\/www.unimol.it\/\"><span style=\"text-decoration: underline;\"><strong>Universidade do Molise<\/strong><\/span><\/a> publicou um edital de sele\u00e7\u00e3o destinado a vinte cidad\u00e3os de pa\u00edses da Am\u00e9rica Latina, incluindo o Brasil, interessados \u200b\u200bem se inscrever em um dos cursos ativados para o pr\u00f3ximo ano acad\u00eamico 2020-2021.<\/p>\n<p>Os estudantes selecionados se beneficiar\u00e3o da <strong>isen\u00e7\u00e3o total da mensalidade para toda a dura\u00e7\u00e3o do curso e de uma contribui\u00e7\u00e3o anual<\/strong>, a partir do segundo ano do curso, de 500,00 Euros, a t\u00edtulo de reembolso de despesas.<\/p>\n<p>Todas as informa\u00e7\u00f5es sobre a iniciativa, bem como o texto oficial do edital e os formul\u00e1rios para envio de candidaturas, est\u00e3o dispon\u00edveis no <a href=\"https:\/\/www.unimol.it\/blog\/opportunita-di-studio-presso-luniversita-del-molise-per-cittadini-di-paesi-dellamerica-latina-63529\/\"><span style=\"text-decoration: underline;\"><strong>site da Universidade do Molise<\/strong><\/span><\/a>.<\/p>\n<p>O prazo para participar da sele\u00e7\u00e3o \u00e9 <span style=\"text-decoration: underline;\">30\/06\/2020<\/span>.<\/p>\n<p>O texto oficial do <a href=\"https:\/\/www.unimol.it\/wp-content\/uploads\/2020\/03\/000631808-UNMLCLE-04bbfcda-3fcb-4559-a419-0e5d14afc1db-000_organized.pdf\"><span style=\"text-decoration: underline;\"><strong>Edital em italiano<\/strong><\/span><\/a> e o <a href=\"https:\/\/www.unimol.it\/wp-content\/uploads\/2020\/03\/MODULO-CANDIDATURA.pdf\"><span style=\"text-decoration: underline;\"><strong>Formul\u00e1rio de inscri\u00e7\u00e3o<\/strong><\/span><\/a> est\u00e3o dispon\u00edveis para download.<\/p>\n<p>Para mais informa\u00e7\u00f5es, entre em contato com o Departamento de Rela\u00e7\u00f5es Internacionais da Universidade de Molise usando o endere\u00e7o de e-mail <a href=\"mailto:relazint@unimol.it\">relazint@unimol.it<\/a>.<\/p>\n","protected":false},"excerpt":{"rendered":"A Universidade do Molise publicou um edital de sele\u00e7\u00e3o destinado a vinte cidad\u00e3os de pa\u00edses da Am\u00e9rica Latina, incluindo o Brasil, interessados \u200b\u200bem se inscrever em um dos cursos ativados para o pr\u00f3ximo ano acad\u00eamico 2020-2021. Os estudantes selecionados se beneficiar\u00e3o da isen\u00e7\u00e3o total da mensalidade para toda a dura\u00e7\u00e3o do curso e de uma [&hellip;]","protected":false},"author":1,"featured_media":0,"comment_status":"","ping_status":"","sticky":false,"template":"","format":"standard","meta":{"footnotes":""},"tags":[],"class_list":["post-860","post","type-post","status-publish","format-standard","hentry"],"_links":{"self":[{"href":"https:\/\/consbelohorizonte.esteri.it\/pt\/wp-json\/wp\/v2\/posts\/860","targetHints":{"allow":["GET"]}}],"collection":[{"href":"https:\/\/consbelohorizonte.esteri.it\/pt\/wp-json\/wp\/v2\/posts"}],"about":[{"href":"https:\/\/consbelohorizonte.esteri.it\/pt\/wp-json\/wp\/v2\/types\/post"}],"author":[{"embeddable":true,"href":"https:\/\/consbelohorizonte.esteri.it\/pt\/wp-json\/wp\/v2\/users\/1"}],"replies":[{"embeddable":true,"href":"https:\/\/consbelohorizonte.esteri.it\/pt\/wp-json\/wp\/v2\/comments?post=860"}],"version-history":[{"count":0,"href":"https:\/\/consbelohorizonte.esteri.it\/pt\/wp-json\/wp\/v2\/posts\/860\/revisions"}],"wp:attachment":[{"href":"https:\/\/consbelohorizonte.esteri.it\/pt\/wp-json\/wp\/v2\/media?parent=860"}],"wp:term":[{"taxonomy":"post_tag","embeddable":true,"href":"https:\/\/consbelohorizonte.esteri.it\/pt\/wp-json\/wp\/v2\/tags?post=860"}],"curies":[{"name":"wp","href":"https:\/\/api.w.org\/{rel}","templated":true}]}}