{"id":785,"date":"2020-08-25T19:47:27","date_gmt":"2020-08-25T17:47:27","guid":{"rendered":"https:\/\/consbelohorizonte.esteri.it\/news\/dal_consolato\/2020\/08\/conferenza-citta-intelligenti-per-2\/"},"modified":"2020-08-25T19:47:27","modified_gmt":"2020-08-25T17:47:27","slug":"conferenza-citta-intelligenti-per-2","status":"publish","type":"post","link":"https:\/\/consbelohorizonte.esteri.it\/pt\/news\/dal_consolato\/2020\/08\/conferenza-citta-intelligenti-per-2\/","title":{"rendered":"PALESTRA | CIDADES INTELIGENTES PARA QUEM? UM OUTRO RENASCIMENTO PARA AS CIDADES DO FUTURO  28\/ago | 9h \u00e0s 10h | transmiss\u00e3o ao vivo"},"content":{"rendered":"<p>O Consulado da It\u00e1lia em Belo Horizonte convida para o segundo encontro da s\u00e9rie de confer\u00eancias sobre o tema Cidades Inteligentes, com designers e arquitetos italianos que vivem e trabalham no Brasil. Gra\u00e7as \u00e0 participa\u00e7\u00e3o ativa de seus cidad\u00e3os, as Smart Cities se desenvolvem com tecnologia e criatividade, respeitando os princ\u00edpios da sustentabilidade ambiental.<\/p>\n<p>Na sexta-feira, 28 de agosto, \u00e0s 9horas (14h na It\u00e1lia), a confer\u00eancia on-line \u201c<strong>Cidades inteligentes para quem? Um outro Renascimento para as cidades do futuro<\/strong>\u201d, com a arquiteta italiana Carlotta Pinna.<\/p>\n<p>O isolamento social e lockdown impostos pela pandemia do coronav\u00edrus em cidades de todo o mundo transformaram a rotina de milh\u00f5es de pessoas. Nesse contexto, novos e complexos desafios surgem a cada dia. \u201c<em>O isolamento social dos \u00faltimos meses tem sido um luxo para as elites dos pa\u00edses mais pobres ou em desenvolvimento, onde a pandemia se espalhou com for\u00e7a entre os mais vulner\u00e1veis<\/em>\u201d, comenta Pinna. \u201c<em>Arquitetura e urbanismo podem ter solu\u00e7\u00f5es eficientes para os desafios do momento<\/em>\u201d.<\/p>\n<p>Os encontros, organizados em colabora\u00e7\u00e3o com o IED &#8211; Instituto Europeu de Design e a Casa FIAT de Cultura, s\u00e3o realizados em portugu\u00eas ao vivo no Zoom e podem ser assistidos no canal do Youtube da Casa Fiat de Cultura. Para mais informa\u00e7\u00f5es e para acessar a confer\u00eancia clique <strong><a href=\"https:\/\/www.sympla.com.br\/palestra--cidades-inteligentes-para-quem-um-outro-renascimento-para-as-cidades-do-futuro__932022\">aqui<\/a><\/strong>.<\/p>\n<p>\u00a0<\/p>\n","protected":false},"excerpt":{"rendered":"O Consulado da It\u00e1lia em Belo Horizonte convida para o segundo encontro da s\u00e9rie de confer\u00eancias sobre o tema Cidades Inteligentes, com designers e arquitetos italianos que vivem e trabalham no Brasil. Gra\u00e7as \u00e0 participa\u00e7\u00e3o ativa de seus cidad\u00e3os, as Smart Cities se desenvolvem com tecnologia e criatividade, respeitando os princ\u00edpios da sustentabilidade ambiental. Na [&hellip;]","protected":false},"author":1,"featured_media":0,"comment_status":"","ping_status":"","sticky":false,"template":"","format":"standard","meta":{"footnotes":""},"tags":[],"class_list":["post-785","post","type-post","status-publish","format-standard","hentry"],"_links":{"self":[{"href":"https:\/\/consbelohorizonte.esteri.it\/pt\/wp-json\/wp\/v2\/posts\/785","targetHints":{"allow":["GET"]}}],"collection":[{"href":"https:\/\/consbelohorizonte.esteri.it\/pt\/wp-json\/wp\/v2\/posts"}],"about":[{"href":"https:\/\/consbelohorizonte.esteri.it\/pt\/wp-json\/wp\/v2\/types\/post"}],"author":[{"embeddable":true,"href":"https:\/\/consbelohorizonte.esteri.it\/pt\/wp-json\/wp\/v2\/users\/1"}],"replies":[{"embeddable":true,"href":"https:\/\/consbelohorizonte.esteri.it\/pt\/wp-json\/wp\/v2\/comments?post=785"}],"version-history":[{"count":0,"href":"https:\/\/consbelohorizonte.esteri.it\/pt\/wp-json\/wp\/v2\/posts\/785\/revisions"}],"wp:attachment":[{"href":"https:\/\/consbelohorizonte.esteri.it\/pt\/wp-json\/wp\/v2\/media?parent=785"}],"wp:term":[{"taxonomy":"post_tag","embeddable":true,"href":"https:\/\/consbelohorizonte.esteri.it\/pt\/wp-json\/wp\/v2\/tags?post=785"}],"curies":[{"name":"wp","href":"https:\/\/api.w.org\/{rel}","templated":true}]}}