{"id":754,"date":"2020-10-14T19:37:31","date_gmt":"2020-10-14T17:37:31","guid":{"rendered":"https:\/\/consbelohorizonte.esteri.it\/news\/dal_consolato\/2020\/10\/xx-semana-da-lingua-italiana-no-2\/"},"modified":"2020-10-14T19:37:31","modified_gmt":"2020-10-14T17:37:31","slug":"xx-semana-da-lingua-italiana-no-2","status":"publish","type":"post","link":"https:\/\/consbelohorizonte.esteri.it\/pt\/news\/dal_consolato\/2020\/10\/xx-semana-da-lingua-italiana-no-2\/","title":{"rendered":"XX SEMANA DA L\u00cdNGUA ITALIANA NO MUNDO (19-25 OUTUBRO 2020)"},"content":{"rendered":"<p style=\"text-align: center;\"><em>Quadrinhos italianos, murais, Rodari, Dante, Fellini, arte urbana e ilustra\u00e7\u00f5es est\u00e3o ao centro das iniciativas programadas pelo Consulado da It\u00e1lia em Belo Horizonte para celebrar a XX Semana da L\u00edngua Italiana no Mundo, promovida pelo Minist\u00e9rio italiano das Rela\u00e7\u00f5es Exteriores e da Coopera\u00e7\u00e3o Internacional, sob o patroc\u00ednio do Presidente da Republica, que ter\u00e1 como t\u00edtulo \u201cA L\u00edngua italiana entre palavra e imagem: grafites, ilustra\u00e7\u00f5es, quadrinhos\u201d. Os eventos, online e em diferentes cidades mineiras, acontecer\u00e3o de 19 a 25 de outubro de 2020.<\/em><\/p>\n<p style=\"text-align: justify;\">\u00a0<\/p>\n<p style=\"text-align: justify;\">\u00a0<\/p>\n<p style=\"text-align: justify;\"><span style=\"text-decoration: underline;\"><strong>1. Webinar \u201cA trajet\u00f3ria dos quadrinhos italianos e sua influ\u00eancia no Brasil e no mundo\u201d, de Fabiano Azevedo, ter\u00e7a-feira, 20 de outubro, \u00e0s 9h30.<\/strong><\/span><\/p>\n<p style=\"text-align: justify;\">De Belo Horizonte, onde \u00e9 realizado o FIQ, o maior festival de quadrinhos da Am\u00e9rica Latina, um de seus organizadores, Fabiano Azevedo, falar\u00e1 ao vivo do canal Youtube do Consulado da It\u00e1lia em Belo Horizonte para ilustrar a trajet\u00f3ria dos quadrinhos italianos e sua influ\u00eancia no Brasil e no mundo. O webinar acontecer\u00e1 em portugu\u00eas, com apoio de material gr\u00e1fico, na ter\u00e7a-feira, 20 de outubro, \u00e0s 9h30 (GMT-3), no link: <a href=\"https:\/\/youtu.be\/isice7q2OjI\">https:\/\/youtu.be\/isice7q2OjI<\/a> sem necessidade de inscri\u00e7\u00e3o pr\u00e9via.<\/p>\n<p style=\"text-align: justify;\"><strong>O palestrante<\/strong><\/p>\n<p style=\"text-align: justify;\"><strong>Fabiano Azevedo<\/strong> trabalha com design gr\u00e1fico e ilustra\u00e7\u00e3o h\u00e1 mais de 20 anos. \u00c9 tamb\u00e9m quadrinista e pesquisador de quadrinhos. Entre 1995 e 2013, editou a revista Graffiti 76% quadrinhos, que, ao longo de 25 edi\u00e7\u00f5es, adotou a proposta do experimentalismo gr\u00e1fico, com destaque no cen\u00e1rio nacional de quadrinhos, tendo publicado mais de 200 autores do Brasil e do mundo. Participou, como co-autor, de dois livros te\u00f3ricos sobre quadrinhos: o &#8220;Guia Ilustrado de Graffiti e Quadrinhos&#8221; (independente, 2005) e &#8220;Pescando imagens com rede textual &#8211; HQ como tradu\u00e7\u00e3o&#8221; (Peir\u00f3polis, 2015). Atuou como curador em in\u00fameras exposi\u00e7\u00f5es em festivais de quadrinhos, sobretudo no FIQ, realizado a cada dois anos em BH. Foi mediador, sempre no FIQ, de debates com artistas do mundo inteiro, especialmente com italianos (pela flu\u00eancia do idioma e por conhecer a fundo os quadrinhos do pa\u00eds). Em 2009, mediou bate papo com a quadrinista Gabriella Giandelli e o editor Claudio Curcio; em 2011, mediou a palestra do autor de Ken Parker, Ivo Millazzo; e em 2018 acompanhou e mediou os bate-papos com os artistas Zerocalcare e Mario Alberti.<\/p>\n<p style=\"text-align: justify;\">\u00a0<\/p>\n<p style=\"text-align: justify;\"><span style=\"text-decoration: underline;\"><strong>2. Artistas italianos dedicam dois murais a Dante Alighieri e Federico Fellini<\/strong><\/span><\/p>\n<p style=\"text-align: justify;\">Dois ser\u00e3o os grafites realizados por artistas italianos radicados no Brasil: na Universidade Federal de Minas Gerais (UFMG), em Belo Horizonte, Piero Bagnariol, j\u00e1 autor da Divina Com\u00e9dia em quadrinhos, far\u00e1 um mural no sagu\u00e3o de entrada da Faculdade de Letras dedicado ao grande poeta italiano, antecipando as celebra\u00e7\u00f5es do 700\u00ba anivers\u00e1rio da sua morte. Em S\u00e3o Jo\u00e3o del Rei, a 200 quil\u00f3metros da capital, na sugestiva e tur\u00edstica pra\u00e7a da esta\u00e7\u00e3o ferrovi\u00e1ria, o desenhista e artista pl\u00e1stico Guido Boletti vai criar juntamente com os artistas Julio Aristizaval e Monge um mural dedicado \u00e0 figura de Federico Fellini, do qual este ano celebra-se o centen\u00e1rio do nascimento. Ambas as interven\u00e7\u00f5es art\u00edsticas, por raz\u00f5es de seguran\u00e7a relacionadas com a pandemia Covid-19, ser\u00e3o realizadas sem a presen\u00e7a do p\u00fablico, mas ser\u00e1 poss\u00edvel assistir aos v\u00eddeos do making-of atrav\u00e9s dos canais sociais do Consulado: <a href=\"http:\/\/www.instagram.com\/italyinbh\">www.instagram.com\/italyinbh<\/a>.<\/p>\n<p style=\"text-align: justify;\"><strong>Os artistas<\/strong><\/p>\n<p style=\"text-align: justify;\"><strong>Piero Bagnariol<\/strong> \u00e9quadrinista e um dos fundadores da revista brasileira Graffiti 76% quadrinhos. Ilustrou v\u00e1rias graphic novels, como: &#8220;Um dia uma morte&#8221; (cole\u00e7\u00e3o 100% quadrinhos, 2007); &#8220;A Divina Com\u00e9dia&#8221; (S\u00e3o Paulo, Peir\u00f3polis, 2010); Odiss\u00e9ia (S\u00e3o Paulo, Peir\u00f3polis, 2014) e Iliada \u2013 tradu\u00e7\u00e3o por imagens (Belo Horizonte, RHJ, 2012). Seu interesse por quadrinhos resultou tamb\u00e9m na publica\u00e7\u00e3o de ensaios sobre essa linguagem no &#8220;Guia ilustrado de grafite e quadrinhos&#8221; (Belo Horizonte, independente, 2005) e sobre a iconografia antiga e medieval, em &#8220;Pescando imagens com rede intertextual: HQ como tradu\u00e7\u00e3o&#8221; (S\u00e3o Paulo, Peir\u00f3polis, 2015). Desde 1994, tem ensinado quadrinhos e artes visuais em institui\u00e7\u00f5es e projetos como Guernica, Fica Vivo!, Giramundo e a escola t\u00e9cnica de artes e tecnologia OI Kabum!. Entre 2000 e 2015, participou do grupo de arte urbana Rupestre. Participou da produ\u00e7\u00e3o de diversos eventos culturais, como o 2\u00ba Festival Internacional de Quadrinhos (Belo Horizonte, 2001) e a exposi\u00e7\u00e3o Hist\u00f3ria do graffiti, realizada durante a Bienal de Graffiti de Belo Horizonte (2008).<\/p>\n<p style=\"text-align: justify;\"><strong>Guido Boletti<\/strong>, nascido em Mil\u00e3o em 1961, buscou na m\u00fasica a primeira fonte de inspira\u00e7\u00e3o para dedicar-se \u00e0 pintura, no final dos anos 80. O contato com a cultura brasileira, atrav\u00e9s das viagens na d\u00e9cada de 90 e da posterior resid\u00eancia no pa\u00eds influenciou definitivamente a sua obra, enriquecendo seu mundo m\u00e1gico com novas cores, energias e inspira\u00e7\u00f5es. Seu trabalho inclui pintura, vitrais, cer\u00e2mica, serigrafia, joias e ilustra\u00e7\u00f5es para capas de CD\u2019s e livros. Nos \u00faltimos anos desenvolveu um percurso de pintura ao vivo em forma de happenings em espa\u00e7os p\u00fablicos, televisivos e teatrais. O mais recente de todos \u00e9 o show \u201cImprovisual\u201d, com pintura e m\u00fasica ao vivo. Radicado em S\u00e3o Jo\u00e3o del-Rei, onde mant\u00e9m seu atelier aberto \u00e0 visita\u00e7\u00e3o, Guido tem participado de numerosas exposi\u00e7\u00f5es individuais e coletivas em cidades italianas e brasileiras, al\u00e9m de possuir obras expostas em galerias, museus p\u00fablicos e privados, no Brasil e no exterior.<\/p>\n<p style=\"text-align: justify;\">\u00a0<\/p>\n<p style=\"text-align: justify;\"><span style=\"text-decoration: underline;\"><strong>3. Para os mais jovens: filmes em homenagem a Gianni Rodari<\/strong><\/span><\/p>\n<p style=\"text-align: justify;\">Os mais jovens ser\u00e3o os espectadores de dois filmes recitados e cantados em homenagem a Gianni Rodari e criados pelo realizador italiano Roberto Innocente: &#8220;Hist\u00f3rias para brincar&#8221; onde atores e m\u00fasicos guiar\u00e3o os mais novos a descobrir algumas das mais famosas hist\u00f3rias e parlendas infantis do escritor de Omegna (Por causa de um sotaque, Quando choveram chap\u00e9us em Mil\u00e3o, A esperan\u00e7a, O H que foge, O pal\u00e1cio do sorvete, O ponto de interroga\u00e7\u00e3o, A fam\u00edlia do ponto-e-v\u00edrgula, O doutor Terribilis). Os v\u00eddeos estar\u00e3o dispon\u00edveis no canal Youtube do Consulado da It\u00e1lia em Belo Horizonte a partir do 19 de outubro: <a href=\"https:\/\/youtube.com\/channel\/UCwihqfdKY3MM0xvD_ovnaGg\">https:\/\/youtube.com\/channel\/UCwihqfdKY3MM0xvD_ovnaGg<\/a>.<\/p>\n<p style=\"text-align: justify;\">Sempre a Gianni Rodari s\u00e3o dedicados tr\u00eas clipes (O c\u00e9u \u00e9 de todos, O ditador e A Esperan\u00e7a) desenhados pelo artista Guido Boletti em colabora\u00e7\u00e3o com Juliano Felisatti Pereira, diretor do Teatro da Pedra de S\u00e3o Jo\u00e3o del-Rei que ser\u00e3o veiculados nos canais sociais do Consulado: <a href=\"http:\/\/www.instagram.com\/italyinbh\">www.instagram.com\/italyinbh<\/a>.<\/p>\n<p style=\"text-align: justify;\"><strong>O diretor e ator<\/strong><\/p>\n<p style=\"text-align: justify;\"><strong>Roberto Innocente<\/strong> nasce em Padova na It\u00e1lia em 1957 e trabalha como ator, diretor, professor, dramaturgo, cen\u00f3grafo e artista pl\u00e1stico desde 1987. Chega ao Brasil em 2005 a convite do Teatro Gua\u00edra de Curitiba para dirigir a Opera \u201cLa Boheme\u201d e coordenar no ano seguinte o projeto de montagem de \u201cLa serva padrona\u201d. Desde ent\u00e3o fixa sua resid\u00eancia em Curitiba, trabalhando um ano (2008) no Rio de Janeiro (Centro Artes de Laranjeiras) e para dois anos com o Governo do Estado de S\u00e3o Paulo no projeto Ademar Guerra (2013-14). Ministra palestras para v\u00e1rias Universidades (Claretiana, UFPG, Positivo, UFPR, UFOP, FAP), e para institui\u00e7\u00f5es culturais (Centro de Cultura Italiana Paran\u00e1 e Santa Catarina, Ponte entre Culturas BH; etc.). No Brasil cria e dirige o Grupo Arte da Com\u00e9dia com o qual ganha o FENATA 2006 e 2007 como melhor espet\u00e1culo e em 2008 o pr\u00eamio Gralha Azul como melhor espet\u00e1culo, dire\u00e7\u00e3o e adere\u00e7o. Escreve v\u00e1rias obras dram\u00e1ticas todas representadas e, como Ganhador do Concurso de Nova Dramaturgia Paranaense, Publica a Com\u00e9dia \u201cJANAINA N\u00c3O SEJA BOBA\u201d em COM\u00c9DIA PARANAENSE 2016 \u2013 Biblioteca Paran\u00e1 e o poema \u201cAS NOTAS DE UM ESTREBILHO\u201d na colet\u00e2nea POETIZE 2018\u2013 VIVARA EDITORA. Desde mar\u00e7o deste ano escreve na revista italiana \u201cInsieme\u201d onde tem uma rubrica sobre cultura. Em novembro recebeu o \u201cPr\u00eamio Personalit\u00e0 Affari 2019\u201d, na categoria m\u00e9rito cultural pela C\u00e2mara \u00cdtalo Brasileira de Com\u00e9rcio e Ind\u00fastria do Paran\u00e1.<\/p>\n<p style=\"text-align: justify;\">\u00a0<\/p>\n<p style=\"text-align: justify;\"><strong>4. A Semana da L\u00edngua italiana nas escolas e universidade<\/strong><\/p>\n<p style=\"text-align: justify;\">O tema escolhido para este ano entusiasmou tamb\u00e9m professores e alunos da Funda\u00e7\u00e3o, a maior escola italiana fora da It\u00e1lia, que participaram com in\u00fameras iniciativas, envolvendo todas as classes. A escola infantil trabalhou os personagens da primeira revista de quadrinhos italiana, o Corriere dei Piccoli; os alunos do Ensino Fundamental criaram hist\u00f3rias em quadrinhos ambientadas em museus italianos, narrativas em quadrinhos dedicadas ao Topo Gigio, al\u00e9m de realizar uma releitura das obras do street artist italiano Blu e projetos sobre caligramas. A escola Media criou uma exposi\u00e7\u00e3o virtual sobre poesia gr\u00e1fica, enquanto o Col\u00e9gio fez uma viagem interativa da arte urbana \u00e0 pr\u00e9-hist\u00f3ria, uma longa jornada \u00e0s avessas, dos murais das cidades contempor\u00e2neas \u00e0s cavernas mais escuras da pr\u00e9-hist\u00f3ria.<\/p>\n<p style=\"text-align: justify;\">Com a colabora\u00e7\u00e3o da leitora Prof. Principato, os alunos do curso avan\u00e7ado de italiano da UFMG praticaram a legendagem de um minicurso de quadrinhos criado em italiano por Giacomo Traini, quadrinista e ilustrador italiano formado pela Escola Internacional de Comics. No quarto e \u00faltimo epis\u00f3dio do curso, Giacomo desenha uma hist\u00f3ria dedicada \u00e0 cidade de Belo Horizonte que tem como protagonista o arquiteto italiano Raffaello Berti que, emigrado para o Brasil em 1930, realizou mais de 500 projetos arquitet\u00f3nicos (muitos que ainda existem e prestigiosos como a Prefeitura, os hospitais Santa Casa e Felicio Rocho, o clube Minas Tenis Clube) e fundou a Escola de Arquitetura da cidade. Os desenhos in\u00e9ditos ser\u00e3o vis\u00edveis no site do Consulado em: <a href=\"http:\/\/www.consbelohorizonte.esteri.it\">www.consbelohorizonte.esteri.it<\/a>.<\/p>\n<p style=\"text-align: justify;\"><strong>O quadrinista<\/strong><\/p>\n<p style=\"text-align: justify;\"><strong>Giacomo Taddeo Traini<\/strong> \u00e9 quadrinista e ilustrador nascido em Ascoli Piceno em 1995. Desde 2013 vive em P\u00e1dua, onde se formou na International School of Comics. Para a editora BeccoGiallo criou, em 2015, o livro digital de quadrinhos \u201cJukeboxcomics\u201d. Desde 2016 colabora como ilustrador com a Radio Sherwood, realidade para a qual \u00e9 curador do G.A.S.P. (Gagliarde Autoproduzioni Sherwood Padova) e lidera, na companhia de Luca Scholl, o programa \u201cBonaventura\u201d. Desde mar\u00e7o de 2018 ele edita, junto com Mattia Ferri, STORMI, uma revista digital de informa\u00e7\u00e3o em quadrinhos. Em julho de 2018 seu primeiro livro, &#8220;Unidos Venceremos, hist\u00f3rias do Com\u00e9rcio Justo&#8221;, seguido de outro conto com o mesmo tema, &#8220;Da Coca ao Cacau&#8221; e &#8221; Silvia Ruotolo-tutto ci\u00f2 che libera e tutto ci\u00f2 che unisce \u201dcriado em colabora\u00e7\u00e3o com a associa\u00e7\u00e3o Libera. Tem v\u00e1rias autoprodu\u00e7\u00f5es a seu cr\u00e9dito, que nunca para de imprimir.<\/p>\n<p style=\"text-align: justify;\">\u00a0<\/p>\n<p style=\"text-align: justify;\"><span style=\"text-decoration: underline;\"><strong>Servi\u00e7o:<\/strong><\/span><\/p>\n<p style=\"text-align: justify;\">XX Semana da L\u00edngua Italiana no mundo &#8211; \u201cA L\u00edngua italiana entre palavra e imagem: grafites, ilustra\u00e7\u00f5es, quadrinhos\u201d.<\/p>\n<p style=\"text-align: justify;\">De 19 a 25 de outubro de 2020<\/p>\n<p style=\"text-align: justify;\">Semin\u00e1rios online, interven\u00e7\u00f5es art\u00edsticas publicas, filmes, cursos e quadrinhos.<\/p>\n<p style=\"text-align: justify;\">Iniciativas p\u00fablicas e gratuitas.<\/p>\n<p style=\"text-align: justify;\">\u00a0<\/p>\n<p style=\"text-align: justify;\"><strong>Realiza\u00e7\u00e3o:<\/strong><\/p>\n<p style=\"text-align: justify;\">Consulado da It\u00e1lia em Belo Horizonte<\/p>\n<p style=\"text-align: justify;\">www.consbelohorizonte.esteri.it<\/p>\n<p style=\"text-align: justify;\">www.instagram.com\/italyinbh<\/p>\n<p style=\"text-align: justify;\">www.twitter.com\/italyinbh<\/p>\n<p style=\"text-align: justify;\"><a href=\"http:\/\/www.youtube.com\/channel\/UCwihqfdKY3MM0xvD_ovnaGg\">www.youtube.com\/channel\/UCwihqfdKY3MM0xvD_ovnaGg<\/a><\/p>\n<p style=\"text-align: justify;\">\u00a0<\/p>\n<p style=\"text-align: justify;\"><strong>Informa\u00e7\u00f5es para imprensa:<\/strong><\/p>\n<p style=\"text-align: justify;\">belohorizonte.promo@esteri.it<\/p>\n","protected":false},"excerpt":{"rendered":"Quadrinhos italianos, murais, Rodari, Dante, Fellini, arte urbana e ilustra\u00e7\u00f5es est\u00e3o ao centro das iniciativas programadas pelo Consulado da It\u00e1lia em Belo Horizonte para celebrar a XX Semana da L\u00edngua Italiana no Mundo, promovida pelo Minist\u00e9rio italiano das Rela\u00e7\u00f5es Exteriores e da Coopera\u00e7\u00e3o Internacional, sob o patroc\u00ednio do Presidente da Republica, que ter\u00e1 como t\u00edtulo [&hellip;]","protected":false},"author":1,"featured_media":0,"comment_status":"","ping_status":"","sticky":false,"template":"","format":"standard","meta":{"footnotes":""},"tags":[],"class_list":["post-754","post","type-post","status-publish","format-standard","hentry"],"_links":{"self":[{"href":"https:\/\/consbelohorizonte.esteri.it\/pt\/wp-json\/wp\/v2\/posts\/754","targetHints":{"allow":["GET"]}}],"collection":[{"href":"https:\/\/consbelohorizonte.esteri.it\/pt\/wp-json\/wp\/v2\/posts"}],"about":[{"href":"https:\/\/consbelohorizonte.esteri.it\/pt\/wp-json\/wp\/v2\/types\/post"}],"author":[{"embeddable":true,"href":"https:\/\/consbelohorizonte.esteri.it\/pt\/wp-json\/wp\/v2\/users\/1"}],"replies":[{"embeddable":true,"href":"https:\/\/consbelohorizonte.esteri.it\/pt\/wp-json\/wp\/v2\/comments?post=754"}],"version-history":[{"count":0,"href":"https:\/\/consbelohorizonte.esteri.it\/pt\/wp-json\/wp\/v2\/posts\/754\/revisions"}],"wp:attachment":[{"href":"https:\/\/consbelohorizonte.esteri.it\/pt\/wp-json\/wp\/v2\/media?parent=754"}],"wp:term":[{"taxonomy":"post_tag","embeddable":true,"href":"https:\/\/consbelohorizonte.esteri.it\/pt\/wp-json\/wp\/v2\/tags?post=754"}],"curies":[{"name":"wp","href":"https:\/\/api.w.org\/{rel}","templated":true}]}}