{"id":689,"date":"2021-04-20T14:41:11","date_gmt":"2021-04-20T12:41:11","guid":{"rendered":"https:\/\/consbelohorizonte.esteri.it\/news\/dal_consolato\/2021\/04\/console-savarese-riceve-medaglia-2\/"},"modified":"2021-04-20T14:41:11","modified_gmt":"2021-04-20T12:41:11","slug":"console-savarese-riceve-medaglia-2","status":"publish","type":"post","link":"https:\/\/consbelohorizonte.esteri.it\/pt\/news\/dal_consolato\/2021\/04\/console-savarese-riceve-medaglia-2\/","title":{"rendered":"C\u00d4NSUL DARIO SAVARESE \u00c9 AGRACIADO COM MEDAGLIA DO EX\u00c9RCITO BRASILEIRO"},"content":{"rendered":"<p>No dia de 19 de abril, Dia do Ex\u00e9rcito, o c\u00f4nsul da It\u00e1lia em Minas Gerais, Dario Savarese, foi agraciado com a &#8220;Medalha do Ex\u00e9rcito Brasileiro&#8221;.<\/p>\n<p>A condecora\u00e7\u00e3o foi entregue pelo Comandante da 4\u00aa Regi\u00e3o Militar, sr. General de Divis\u00e3o Jorge Ant\u00f4nio Smicelato, em presen\u00e7a do General do Ex\u00e9rcito R1 e ex-chefe do Estado-Maior do Minist\u00e9rio da Defesa, sr. R\u00f4mulo Bini Pereira, e do Vice-Governador do Estado de Minas Gerais, sr. Paulo Brant.<\/p>\n<p>A &#8220;Medalha do Ex\u00e9rcito Brasileiro&#8221;, foi criada pela Portaria n. 219, do Comandante do Ex\u00e9rcito, de 14 mar\u00e7o de 2016, com a finalidade de distinguir cidad\u00e3os e institui\u00e7\u00f5es civis, brasileiros ou estrangeiros, militares estrangeiros, integrantes da Marinha do Brasil, da For\u00e7a A\u00e9rea Brasileira e das For\u00e7as Auxiliares bem como suas Organiza\u00e7\u00f5es Militares que tenham praticado a\u00e7\u00e3o destacada ou servi\u00e7o relevante em prol do interesse e do bom nome do Ex\u00e9rcito Brasileiro.<\/p>\n","protected":false},"excerpt":{"rendered":"No dia de 19 de abril, Dia do Ex\u00e9rcito, o c\u00f4nsul da It\u00e1lia em Minas Gerais, Dario Savarese, foi agraciado com a &#8220;Medalha do Ex\u00e9rcito Brasileiro&#8221;. A condecora\u00e7\u00e3o foi entregue pelo Comandante da 4\u00aa Regi\u00e3o Militar, sr. General de Divis\u00e3o Jorge Ant\u00f4nio Smicelato, em presen\u00e7a do General do Ex\u00e9rcito R1 e ex-chefe do Estado-Maior do [&hellip;]","protected":false},"author":1,"featured_media":0,"comment_status":"","ping_status":"","sticky":false,"template":"","format":"standard","meta":{"footnotes":""},"tags":[],"class_list":["post-689","post","type-post","status-publish","format-standard","hentry"],"_links":{"self":[{"href":"https:\/\/consbelohorizonte.esteri.it\/pt\/wp-json\/wp\/v2\/posts\/689","targetHints":{"allow":["GET"]}}],"collection":[{"href":"https:\/\/consbelohorizonte.esteri.it\/pt\/wp-json\/wp\/v2\/posts"}],"about":[{"href":"https:\/\/consbelohorizonte.esteri.it\/pt\/wp-json\/wp\/v2\/types\/post"}],"author":[{"embeddable":true,"href":"https:\/\/consbelohorizonte.esteri.it\/pt\/wp-json\/wp\/v2\/users\/1"}],"replies":[{"embeddable":true,"href":"https:\/\/consbelohorizonte.esteri.it\/pt\/wp-json\/wp\/v2\/comments?post=689"}],"version-history":[{"count":0,"href":"https:\/\/consbelohorizonte.esteri.it\/pt\/wp-json\/wp\/v2\/posts\/689\/revisions"}],"wp:attachment":[{"href":"https:\/\/consbelohorizonte.esteri.it\/pt\/wp-json\/wp\/v2\/media?parent=689"}],"wp:term":[{"taxonomy":"post_tag","embeddable":true,"href":"https:\/\/consbelohorizonte.esteri.it\/pt\/wp-json\/wp\/v2\/tags?post=689"}],"curies":[{"name":"wp","href":"https:\/\/api.w.org\/{rel}","templated":true}]}}