{"id":6481,"date":"2026-09-03T12:41:58","date_gmt":"2026-09-03T15:41:58","guid":{"rendered":"https:\/\/consbelohorizonte.esteri.it\/?p=6481"},"modified":"2026-09-03T13:06:12","modified_gmt":"2026-09-03T16:06:12","slug":"convocacao-das-eleicoes-dos-comites-3-de-setembro-de-2026","status":"publish","type":"post","link":"https:\/\/consbelohorizonte.esteri.it\/pt\/news\/dal_consolato\/2026\/09\/convocacao-das-eleicoes-dos-comites-3-de-setembro-de-2026\/","title":{"rendered":"CONVOCA\u00c7\u00c3O DAS ELEI\u00c7\u00d5ES DOS COMITES \u2013 3 DE SETEMBRO DE 2026"},"content":{"rendered":"<p class=\"isSelectedEnd\">Por meio de <a href=\"https:\/\/consbelohorizonte.esteri.it\/wp-content\/uploads\/2026\/09\/Decreto_indizione_elezioni_Sede_con_un_solo_Comites_2026_BH.pdf\">Decreto Consular<\/a> do Chefe da Reparti\u00e7\u00e3o Consular do Consulado-Geral da It\u00e1lia em Belo Horizonte, s\u00e3o convocadas as elei\u00e7\u00f5es para a institui\u00e7\u00e3o e a renova\u00e7\u00e3o do Comit\u00ea dos Italianos no Exterior de Minas Gerais.<\/p>\n<p class=\"isSelectedEnd\">A data das elei\u00e7\u00f5es est\u00e1 fixada em <strong>4 de dezembro de 2026<\/strong>. Essa data corresponde ao \u00faltimo dia para que o Consulado de refer\u00eancia receba o envelope contendo a c\u00e9dula eleitoral devidamente preenchida.<\/p>\n<p class=\"isSelectedEnd\">Para participar da vota\u00e7\u00e3o, \u00e9 necess\u00e1rio inscrever-se na lista de eleitores do respectivo Consulado de refer\u00eancia, <a href=\"https:\/\/consbelohorizonte.esteri.it\/pt\/news\/dal_consolato\/2026\/08\/elezioni-com-it-es-2026-modalidades-para-solicitar-a-inscricao-na-lista-eleitoral\/\">mediante o envio do pedido de op\u00e7\u00e3o<\/a>, que dever\u00e1 ser recebido <strong>at\u00e9, impreterivelmente, 4 de novembro de 2026<\/strong>.<\/p>\n<p class=\"isSelectedEnd\">O Comit\u00ea a ser eleito ser\u00e1 composto por <strong>doze membros<\/strong>, considerando o n\u00famero de integrantes da comunidade residente.<\/p>\n<p>Por meio do referido Decreto, tamb\u00e9m \u00e9 institu\u00eddo o <strong>Escrit\u00f3rio Eleitoral<\/strong>, respons\u00e1vel pelas opera\u00e7\u00f5es eleitorais.<\/p>\n","protected":false},"excerpt":{"rendered":"Por meio de Decreto Consular do Chefe da Reparti\u00e7\u00e3o Consular do Consulado-Geral da It\u00e1lia em Belo Horizonte, s\u00e3o convocadas as elei\u00e7\u00f5es para a institui\u00e7\u00e3o e a renova\u00e7\u00e3o do Comit\u00ea dos Italianos no Exterior de Minas Gerais. A data das elei\u00e7\u00f5es est\u00e1 fixada em 4 de dezembro de 2026. Essa data corresponde ao \u00faltimo dia para [&hellip;]","protected":false},"author":20,"featured_media":6502,"comment_status":"closed","ping_status":"closed","sticky":false,"template":"","format":"standard","meta":{"footnotes":""},"tags":[],"class_list":["post-6481","post","type-post","status-publish","format-standard","has-post-thumbnail","hentry"],"_links":{"self":[{"href":"https:\/\/consbelohorizonte.esteri.it\/pt\/wp-json\/wp\/v2\/posts\/6481","targetHints":{"allow":["GET"]}}],"collection":[{"href":"https:\/\/consbelohorizonte.esteri.it\/pt\/wp-json\/wp\/v2\/posts"}],"about":[{"href":"https:\/\/consbelohorizonte.esteri.it\/pt\/wp-json\/wp\/v2\/types\/post"}],"author":[{"embeddable":true,"href":"https:\/\/consbelohorizonte.esteri.it\/pt\/wp-json\/wp\/v2\/users\/20"}],"replies":[{"embeddable":true,"href":"https:\/\/consbelohorizonte.esteri.it\/pt\/wp-json\/wp\/v2\/comments?post=6481"}],"version-history":[{"count":2,"href":"https:\/\/consbelohorizonte.esteri.it\/pt\/wp-json\/wp\/v2\/posts\/6481\/revisions"}],"predecessor-version":[{"id":6489,"href":"https:\/\/consbelohorizonte.esteri.it\/pt\/wp-json\/wp\/v2\/posts\/6481\/revisions\/6489"}],"wp:featuredmedia":[{"embeddable":true,"href":"https:\/\/consbelohorizonte.esteri.it\/pt\/wp-json\/wp\/v2\/media\/6502"}],"wp:attachment":[{"href":"https:\/\/consbelohorizonte.esteri.it\/pt\/wp-json\/wp\/v2\/media?parent=6481"}],"wp:term":[{"taxonomy":"post_tag","embeddable":true,"href":"https:\/\/consbelohorizonte.esteri.it\/pt\/wp-json\/wp\/v2\/tags?post=6481"}],"curies":[{"name":"wp","href":"https:\/\/api.w.org\/{rel}","templated":true}]}}