{"id":5942,"date":"2026-01-27T16:33:35","date_gmt":"2026-01-27T19:33:35","guid":{"rendered":"https:\/\/consbelohorizonte.esteri.it\/?p=5942"},"modified":"2026-01-27T16:37:46","modified_gmt":"2026-01-27T19:37:46","slug":"dia-internacional-em-memoria-das-vitimas-do-holocausto-o-ministro-das-relacoes-exteriores-antonio-tajani-presta-homenagem-por-meio-de-uma-mensagem-em-video","status":"publish","type":"post","link":"https:\/\/consbelohorizonte.esteri.it\/pt\/news\/dal_consolato\/2026\/01\/dia-internacional-em-memoria-das-vitimas-do-holocausto-o-ministro-das-relacoes-exteriores-antonio-tajani-presta-homenagem-por-meio-de-uma-mensagem-em-video\/","title":{"rendered":"Dia Internacional em Mem\u00f3ria das V\u00edtimas do Holocausto \u2013 O Ministro das Rela\u00e7\u00f5es Exteriores, Antonio Tajani, presta homenagem por meio de uma mensagem em v\u00eddeo"},"content":{"rendered":"<p>O Ministro das Rela\u00e7\u00f5es Exteriores, Antonio Tajani, presta homenagem por meio de uma mensagem em v\u00eddeo:<\/p>\n<p><em>Hoje, no Dia da Mem\u00f3ria, prestamos homenagem \u00e0s v\u00edtimas da Shoah e honramos os sobreviventes, para garantir que o horror do Holocausto nunca mais se repita.<\/em><br \/>\n<em>A Mem\u00f3ria n\u00e3o \u00e9 um ritual formal. \u00c9 uma responsabilidade coletiva em rela\u00e7\u00e3o ao futuro.<\/em><\/p>\n<p><em>Agrade\u00e7o a todas as nossas Embaixadas, aos Consulados da It\u00e1lia e aos Institutos de Cultura que hoje refor\u00e7am essa mensagem, em todo o mundo, com numerosas iniciativas.<\/em><\/p>\n<p><em>\u00c9 nosso dever entregar \u00e0s novas gera\u00e7\u00f5es um mundo livre do v\u00edrus do antissemitismo.<\/em><br \/>\n<em>Como tive a honra de afirmar, quando, como Ministro das Rela\u00e7\u00f5es Exteriores, representei o Governo no Dia da Mem\u00f3ria no Museu Yad Vashem, ningu\u00e9m, nunca mais, deve ter medo apenas por ser judeu.<\/em><\/p>\n<p><em>O abismo da Shoah atingiu o cora\u00e7\u00e3o da nossa civiliza\u00e7\u00e3o e marcou para sempre a hist\u00f3ria e a identidade da Europa.<\/em><br \/>\n<em>Recordar n\u00e3o basta. \u00c9 preciso tamb\u00e9m vigiar.<\/em><\/p>\n<p><em>O antissemitismo n\u00e3o desapareceu.<\/em><br \/>\n<em>\u00c9 um espectro que volta a se manifestar em nossas sociedades, na Europa e no mundo.<\/em><\/p>\n<p><em>Infelizmente, isso nos \u00e9 lembrado por ataques terroristas covardes, como o ocorrido em Bondi Beach, na Austr\u00e1lia, que condenamos com firmeza e sem hesita\u00e7\u00e3o.<\/em><br \/>\n<em>Mas tamb\u00e9m por in\u00fameros epis\u00f3dios cotidianos de viol\u00eancia e discrimina\u00e7\u00e3o, inclusive em nossas cidades, inclusive na Europa.<\/em><\/p>\n<p><em>O antissemitismo \u00e9 um veneno invis\u00edvel. Hoje, ele se difunde sobretudo online e nas redes sociais.<\/em><br \/>\n<em>Por isso, \u00e9 necess\u00e1rio o ant\u00eddoto da mem\u00f3ria, do conhecimento e do respeito.<\/em><\/p>\n<p><em>Queremos lev\u00e1-lo cada vez mais \u00e0s escolas, \u00e0s universidades e \u00e0s nossas ruas.<\/em><br \/>\n<em>O combate ao antissemitismo \u00e9, para mim, a batalha de uma vida, tanto no plano pol\u00edtico quanto no humano.<\/em><\/p>\n<p><em>N\u00e3o h\u00e1 espa\u00e7o para o antissemitismo. Ele \u00e9 incompat\u00edvel com os nossos valores, os nossos princ\u00edpios e a nossa identidade.<\/em><br \/>\n<em>O Governo italiano est\u00e1 na linha de frente no combate ao \u00f3dio antissemita.<\/em><\/p>\n<p><em>Um compromisso que assumo todos os dias, tanto na Europa quanto em todas as reuni\u00f5es internacionais, como sinal da nossa a\u00e7\u00e3o concreta e incessante para promover o di\u00e1logo e a paz.<\/em><\/p>\n<p><em>Hoje, juntos, dizemos mais uma vez, em todo o mundo: nunca mais!<\/em><\/p>\n","protected":false},"excerpt":{"rendered":"O Ministro das Rela\u00e7\u00f5es Exteriores, Antonio Tajani, presta homenagem por meio de uma mensagem em v\u00eddeo: Hoje, no Dia da Mem\u00f3ria, prestamos homenagem \u00e0s v\u00edtimas da Shoah e honramos os sobreviventes, para garantir que o horror do Holocausto nunca mais se repita. A Mem\u00f3ria n\u00e3o \u00e9 um ritual formal. \u00c9 uma responsabilidade coletiva em rela\u00e7\u00e3o [&hellip;]","protected":false},"author":20,"featured_media":5941,"comment_status":"closed","ping_status":"closed","sticky":false,"template":"","format":"standard","meta":{"footnotes":""},"tags":[],"class_list":["post-5942","post","type-post","status-publish","format-standard","has-post-thumbnail","hentry"],"_links":{"self":[{"href":"https:\/\/consbelohorizonte.esteri.it\/pt\/wp-json\/wp\/v2\/posts\/5942","targetHints":{"allow":["GET"]}}],"collection":[{"href":"https:\/\/consbelohorizonte.esteri.it\/pt\/wp-json\/wp\/v2\/posts"}],"about":[{"href":"https:\/\/consbelohorizonte.esteri.it\/pt\/wp-json\/wp\/v2\/types\/post"}],"author":[{"embeddable":true,"href":"https:\/\/consbelohorizonte.esteri.it\/pt\/wp-json\/wp\/v2\/users\/20"}],"replies":[{"embeddable":true,"href":"https:\/\/consbelohorizonte.esteri.it\/pt\/wp-json\/wp\/v2\/comments?post=5942"}],"version-history":[{"count":1,"href":"https:\/\/consbelohorizonte.esteri.it\/pt\/wp-json\/wp\/v2\/posts\/5942\/revisions"}],"predecessor-version":[{"id":5944,"href":"https:\/\/consbelohorizonte.esteri.it\/pt\/wp-json\/wp\/v2\/posts\/5942\/revisions\/5944"}],"wp:featuredmedia":[{"embeddable":true,"href":"https:\/\/consbelohorizonte.esteri.it\/pt\/wp-json\/wp\/v2\/media\/5941"}],"wp:attachment":[{"href":"https:\/\/consbelohorizonte.esteri.it\/pt\/wp-json\/wp\/v2\/media?parent=5942"}],"wp:term":[{"taxonomy":"post_tag","embeddable":true,"href":"https:\/\/consbelohorizonte.esteri.it\/pt\/wp-json\/wp\/v2\/tags?post=5942"}],"curies":[{"name":"wp","href":"https:\/\/api.w.org\/{rel}","templated":true}]}}