{"id":590,"date":"2022-01-21T13:40:15","date_gmt":"2022-01-21T12:40:15","guid":{"rendered":"https:\/\/consbelohorizonte.esteri.it\/news\/dal_consolato\/2022\/01\/visita-dell-ambasciatore-azzarello-2\/"},"modified":"2022-01-21T13:40:15","modified_gmt":"2022-01-21T12:40:15","slug":"visita-dell-ambasciatore-azzarello-2","status":"publish","type":"post","link":"https:\/\/consbelohorizonte.esteri.it\/pt\/news\/dal_consolato\/2022\/01\/visita-dell-ambasciatore-azzarello-2\/","title":{"rendered":"Visita do Embaixador italiano Azzarello a Ouro Preto (22 de janeiro de 2022)"},"content":{"rendered":"<p>No contexto de sua visita a Minas Gerais, o Embaixador italiano Azzarello, acompanhado do C\u00f4nsul Savarese, visitou hoje a cidade de Ouro Preto a convite do Prefeito \u00c2ngelo Oswaldo de Araujo Santos, ex-ministro da Cultura do Brasil e ex-secret\u00e1rio de Estado da Cultura. de Minas Gerais.<\/p>\n<p>Ouro Preto, antiga capital de Minas Gerais, Patrim\u00f4nio Mundial da UNESCO por sua arquitetura colonial e suas igrejas barrocas, sofreu grandes danos devido \u00e0s fortes chuvas que atingiram a regi\u00e3o nos \u00faltimos dias, causando deslizamentos de terra e destrui\u00e7\u00e3o de alguns edif\u00edcios hist\u00f3ricos do s\u00e9culo XIX.<\/p>\n<p>O Embaixador quis expressar a solidariedade do governo e do povo italiano neste momento dif\u00edcil que est\u00e1 enfrentando a cidade.<\/p>\n<p>Um sincero agradecimento foi expresso pelo prefeito pela proximidade da It\u00e1lia, com a primeira visita \u00e0 cidade de um representante estrangeiro ap\u00f3s a trag\u00e9dia, por ocasi\u00e3o do bicenten\u00e1rio da independ\u00eancia do Brasil, um claro convite \u00e0 retomada do turismo em Ouro Preto.<\/p>\n","protected":false},"excerpt":{"rendered":"No contexto de sua visita a Minas Gerais, o Embaixador italiano Azzarello, acompanhado do C\u00f4nsul Savarese, visitou hoje a cidade de Ouro Preto a convite do Prefeito \u00c2ngelo Oswaldo de Araujo Santos, ex-ministro da Cultura do Brasil e ex-secret\u00e1rio de Estado da Cultura. de Minas Gerais. Ouro Preto, antiga capital de Minas Gerais, Patrim\u00f4nio Mundial [&hellip;]","protected":false},"author":1,"featured_media":0,"comment_status":"","ping_status":"","sticky":false,"template":"","format":"standard","meta":{"footnotes":""},"tags":[],"class_list":["post-590","post","type-post","status-publish","format-standard","hentry"],"_links":{"self":[{"href":"https:\/\/consbelohorizonte.esteri.it\/pt\/wp-json\/wp\/v2\/posts\/590","targetHints":{"allow":["GET"]}}],"collection":[{"href":"https:\/\/consbelohorizonte.esteri.it\/pt\/wp-json\/wp\/v2\/posts"}],"about":[{"href":"https:\/\/consbelohorizonte.esteri.it\/pt\/wp-json\/wp\/v2\/types\/post"}],"author":[{"embeddable":true,"href":"https:\/\/consbelohorizonte.esteri.it\/pt\/wp-json\/wp\/v2\/users\/1"}],"replies":[{"embeddable":true,"href":"https:\/\/consbelohorizonte.esteri.it\/pt\/wp-json\/wp\/v2\/comments?post=590"}],"version-history":[{"count":0,"href":"https:\/\/consbelohorizonte.esteri.it\/pt\/wp-json\/wp\/v2\/posts\/590\/revisions"}],"wp:attachment":[{"href":"https:\/\/consbelohorizonte.esteri.it\/pt\/wp-json\/wp\/v2\/media?parent=590"}],"wp:term":[{"taxonomy":"post_tag","embeddable":true,"href":"https:\/\/consbelohorizonte.esteri.it\/pt\/wp-json\/wp\/v2\/tags?post=590"}],"curies":[{"name":"wp","href":"https:\/\/api.w.org\/{rel}","templated":true}]}}