{"id":5798,"date":"2025-10-23T11:19:25","date_gmt":"2025-10-23T14:19:25","guid":{"rendered":"https:\/\/consbelohorizonte.esteri.it\/?p=5798"},"modified":"2025-12-23T11:37:14","modified_gmt":"2025-12-23T14:37:14","slug":"participacao-do-consulado-geral-da-italia-em-belo-horizonte-na-corsa-cruzeiro-2025","status":"publish","type":"post","link":"https:\/\/consbelohorizonte.esteri.it\/pt\/news\/dal_consolato\/2025\/10\/participacao-do-consulado-geral-da-italia-em-belo-horizonte-na-corsa-cruzeiro-2025\/","title":{"rendered":"Participa\u00e7\u00e3o do Consulado Geral da It\u00e1lia em Belo Horizonte na Corsa Cruzeiro 2025"},"content":{"rendered":"<p>No dia 19 de outubro, realizou-se, em Belo Horizonte, a Corrida do Cruzeiro, tradicional manifesta\u00e7\u00e3o esportiva organizada pelo Cruzeiro Esporte Clube, que contou com a participa\u00e7\u00e3o do Consulado Geral da It\u00e1lia em Belo Horizonte, em ocasi\u00e3o da Giornata dello Sport Italiano no Mundo. O evento foi um grande sucesso, reunindo mais de 20 mil inscritos, al\u00e9m de um p\u00fablico expressivo ao longo de todo o percurso.<\/p>\n<p>A Corsa Cruzeiro confirmou-se como uma das principais corridas de rua da cidade, alcan\u00e7ando ampla repercuss\u00e3o junto \u00e0 comunidade local. A edi\u00e7\u00e3o de 2025 superou expectativas em termos de participa\u00e7\u00e3o e visibilidade, consolidando-se como um importante evento esportivo e social no calend\u00e1rio belo-horizontino.<\/p>\n<p>Nesta edi\u00e7\u00e3o, o logotipo do Consulado Geral da It\u00e1lia e o da Giornata dello Sport Italiano nel Mondo estiveram presentes nos materiais gr\u00e1ficos oficiais do evento, refor\u00e7ando a parceria institucional. A C\u00f4nsul-Geral da It\u00e1lia, Nicoletta Gomiero, participou da cerim\u00f4nia final, junto ao presidente do Clube, Lidson Potsch, em um momento de grande simbolismo e integra\u00e7\u00e3o.<\/p>\n<p>A colabora\u00e7\u00e3o representou uma iniciativa significativa para valorizar a hist\u00f3rica presen\u00e7a italiana no Cruzeiro Esporte Clube, bem como sua atual e relevante influ\u00eancia no cen\u00e1rio esportivo internacional.<\/p>\n<p>O evento contou com a participa\u00e7\u00e3o de um p\u00fablico diversificado, abrangendo diferentes faixas et\u00e1rias e origens sociais, al\u00e9m de difundir os valores de diplomacia, amizade e paz representados pelo esporte italiano no mundo.<\/p>\n","protected":false},"excerpt":{"rendered":"No dia 19 de outubro, realizou-se, em Belo Horizonte, a Corrida do Cruzeiro, tradicional manifesta\u00e7\u00e3o esportiva organizada pelo Cruzeiro Esporte Clube, que contou com a participa\u00e7\u00e3o do Consulado Geral da It\u00e1lia em Belo Horizonte, em ocasi\u00e3o da Giornata dello Sport Italiano no Mundo. O evento foi um grande sucesso, reunindo mais de 20 mil inscritos, [&hellip;]","protected":false},"author":20,"featured_media":5800,"comment_status":"closed","ping_status":"closed","sticky":false,"template":"","format":"standard","meta":{"footnotes":""},"tags":[],"class_list":["post-5798","post","type-post","status-publish","format-standard","has-post-thumbnail","hentry"],"_links":{"self":[{"href":"https:\/\/consbelohorizonte.esteri.it\/pt\/wp-json\/wp\/v2\/posts\/5798","targetHints":{"allow":["GET"]}}],"collection":[{"href":"https:\/\/consbelohorizonte.esteri.it\/pt\/wp-json\/wp\/v2\/posts"}],"about":[{"href":"https:\/\/consbelohorizonte.esteri.it\/pt\/wp-json\/wp\/v2\/types\/post"}],"author":[{"embeddable":true,"href":"https:\/\/consbelohorizonte.esteri.it\/pt\/wp-json\/wp\/v2\/users\/20"}],"replies":[{"embeddable":true,"href":"https:\/\/consbelohorizonte.esteri.it\/pt\/wp-json\/wp\/v2\/comments?post=5798"}],"version-history":[{"count":1,"href":"https:\/\/consbelohorizonte.esteri.it\/pt\/wp-json\/wp\/v2\/posts\/5798\/revisions"}],"predecessor-version":[{"id":5803,"href":"https:\/\/consbelohorizonte.esteri.it\/pt\/wp-json\/wp\/v2\/posts\/5798\/revisions\/5803"}],"wp:featuredmedia":[{"embeddable":true,"href":"https:\/\/consbelohorizonte.esteri.it\/pt\/wp-json\/wp\/v2\/media\/5800"}],"wp:attachment":[{"href":"https:\/\/consbelohorizonte.esteri.it\/pt\/wp-json\/wp\/v2\/media?parent=5798"}],"wp:term":[{"taxonomy":"post_tag","embeddable":true,"href":"https:\/\/consbelohorizonte.esteri.it\/pt\/wp-json\/wp\/v2\/tags?post=5798"}],"curies":[{"name":"wp","href":"https:\/\/api.w.org\/{rel}","templated":true}]}}