{"id":579,"date":"2022-04-01T16:05:20","date_gmt":"2022-04-01T14:05:20","guid":{"rendered":"https:\/\/consbelohorizonte.esteri.it\/news\/dal_consolato\/2022\/04\/proroga-disciplina-ingressi-dal-2\/"},"modified":"2022-04-01T16:05:20","modified_gmt":"2022-04-01T14:05:20","slug":"proroga-disciplina-ingressi-dal-2","status":"publish","type":"post","link":"https:\/\/consbelohorizonte.esteri.it\/pt\/news\/dal_consolato\/2022\/04\/proroga-disciplina-ingressi-dal-2\/","title":{"rendered":"PRORROGA\u00c7\u00c3O DAS REGRAS DE ENTRADA DO BRASIL NA IT\u00c1LIA"},"content":{"rendered":"<p style=\"text-align: justify;\">A Portaria do Ministro da Sa\u00fade de 29 de mar\u00e7o de 2022 prorogou at\u00e9 dia 30 de abril de 2022 as medidas da <a href=\"http:\/\/consbelohorizonte.esteri.it\/consolato_belohorizonte\/resource\/resource\/2022\/04\/om-22-2-22_def_signed.pdf\">Portaria do Ministro da Sa\u00fade de 22 de fevereiro de 2022<\/a>, que eliminou as listas de pa\u00edses, uniformando as regras de ingresso no territorio italiano.<\/p>\n<p style=\"text-align: justify;\">A entrada na It\u00e1lia ser\u00e1 permitida mediante apresenta\u00e7\u00e3o de:<\/p>\n<ul style=\"text-align: justify;\">\n<li>O <strong><a href=\"https:\/\/app.euplf.eu\/#\/\">Formul\u00e1rio Digital de Localiza\u00e7\u00e3o de Passageiros (PLF)<\/a><\/strong> em formato digital ou em papel;<\/li>\n<li>a <strong>certifica\u00e7\u00e3o verde Covid-19<\/strong> (certificado de vacina\u00e7\u00e3o, certificado de recupera\u00e7\u00e3o ou teste molecular ou antig\u00eanico negativo) ou outra certifica\u00e7\u00e3o de vacina\u00e7\u00e3o reconhecida como equivalente.<\/li>\n<\/ul>\n<p style=\"text-align: justify;\"><span style=\"text-decoration: underline;\">Somente no caso de n\u00e3o apresenta\u00e7\u00e3o de uma das certifica\u00e7\u00f5es acima ser\u00e1 aplicada a medida de quarentena por um per\u00edodo de 5 dias com a obriga\u00e7\u00e3o de se submeter a testes moleculares ou antig\u00eanicos no final do per\u00edodo.<\/span><\/p>\n<p style=\"text-align: justify;\">Desde 23 de setembro, o Minist\u00e9rio da Sa\u00fade reconheceu (com esta <a href=\"http:\/\/consbelohorizonte.esteri.it\/consolato_belohorizonte\/resource\/resource\/2022\/04\/pdfresizer.com-pdf-resize.pdf\">Nota<\/a>) a equival\u00eancia de certas vacinas aplicadas por autoridades sanit\u00e1rias estrangeiras \u00e0quelas realizadas dentro do Plano Nacional de Vacinas para a preven\u00e7\u00e3o da SARS-CoV-2.<\/p>\n<p style=\"text-align: justify;\">Estes s\u00e3o, em particular:<\/p>\n<ul style=\"text-align: justify;\">\n<li>vacinas reconhecidas pela EMA &#8211; Ag\u00eancia Europ\u00e9ia de Medicamentos (Anexo no. 1 da Circular);<\/li>\n<li>Covishield (Serum Institute of India), produzido sob licen\u00e7a pela AstraZeneca;<\/li>\n<li>R-CoVI (R-Pharm), fabricado sob licen\u00e7a da AstraZeneca;<\/li>\n<li>Covid-19 vacina-recombinante (Fiocruz), produzido sob licen\u00e7a pela AstraZeneca.<\/li>\n<\/ul>\n<p style=\"text-align: justify;\"><span style=\"text-decoration: underline;\">O Minist\u00e9rio da Sa\u00fade esclareceu que para fins de reconhecimento da validade do ciclo vacinal \u00e9 suficiente que a terceira dose seja aplicada com uma vacina reconhecida pela EMA.<\/span><\/p>\n<p style=\"text-align: justify;\">Ap\u00f3s este reconhecimento:<\/p>\n<p style=\"text-align: justify;\">&#8211; Os cidad\u00e3os italianos (inclusive os residentes no exterior) e seus familiares coabitantes, independentemente de estarem registrados no Servi\u00e7o Nacional de Sa\u00fade ou no SASN (Assist\u00eancia Sanit\u00e1ria \u00e0 Tripula\u00e7\u00e3o A\u00e9rea), e todas as pessoas registradas a qualquer t\u00edtulo no Servi\u00e7o Nacional de Sa\u00fade que tenham sido vacinadas no exterior com as vacinas acima ou que tenham se recuperado da COVID-19 no exterior, poder\u00e3o solicitar, se j\u00e1 estiverem em territ\u00f3rio italiano, a emiss\u00e3o do Green Pass, indo \u00e0s autoridades sanit\u00e1rias locais de compet\u00eancia territorial;<\/p>\n<p style=\"text-align: justify;\">&#8211; todos os outros cidad\u00e3os estrangeiros vacinados no exterior com as vacinas acima mencionadas ter\u00e3o o direito de acessar, em territ\u00f3rio nacional, todos os lugares e servi\u00e7os para os quais o Green Pass \u00e9 necess\u00e1rio. Para serem reconhecidos como equivalentes ao Green Pass, os certificados vacinais recebidos no exterior devem conter as seguintes informa\u00e7\u00f5es: dados de identifica\u00e7\u00e3o do titular, dados sobre a vacina, data(s) de administra\u00e7\u00e3o da vacina, dados de identifica\u00e7\u00e3o da pessoa que emitiu o certificado; tamb\u00e9m devem ser escritos em italiano, ingl\u00eas, franc\u00eas, espanhol ou alem\u00e3o ou, se forem emitidos em outro idioma, devem ser acompanhados de uma tradu\u00e7\u00e3o juramentada.<\/p>\n<p style=\"text-align: justify;\">Para maiores informa\u00e7\u00f5es:<\/p>\n<p style=\"text-align: justify;\"><a href=\"https:\/\/www.esteri.it\/it\/ministero\/normativaonline\/focus-cittadini-italiani-in-rientro-dall-estero-e-cittadini-stranieri-in-italia\/\">https:\/\/www.esteri.it\/it\/ministero\/normativaonline\/focus-cittadini-italiani-in-rientro-dall-estero-e-cittadini-stranieri-in-italia\/<\/a><\/p>\n<p style=\"text-align: justify;\">\u00a0<\/p>\n","protected":false},"excerpt":{"rendered":"A Portaria do Ministro da Sa\u00fade de 29 de mar\u00e7o de 2022 prorogou at\u00e9 dia 30 de abril de 2022 as medidas da Portaria do Ministro da Sa\u00fade de 22 de fevereiro de 2022, que eliminou as listas de pa\u00edses, uniformando as regras de ingresso no territorio italiano. A entrada na It\u00e1lia ser\u00e1 permitida mediante [&hellip;]","protected":false},"author":1,"featured_media":0,"comment_status":"","ping_status":"","sticky":false,"template":"","format":"standard","meta":{"footnotes":""},"tags":[],"class_list":["post-579","post","type-post","status-publish","format-standard","hentry"],"_links":{"self":[{"href":"https:\/\/consbelohorizonte.esteri.it\/pt\/wp-json\/wp\/v2\/posts\/579","targetHints":{"allow":["GET"]}}],"collection":[{"href":"https:\/\/consbelohorizonte.esteri.it\/pt\/wp-json\/wp\/v2\/posts"}],"about":[{"href":"https:\/\/consbelohorizonte.esteri.it\/pt\/wp-json\/wp\/v2\/types\/post"}],"author":[{"embeddable":true,"href":"https:\/\/consbelohorizonte.esteri.it\/pt\/wp-json\/wp\/v2\/users\/1"}],"replies":[{"embeddable":true,"href":"https:\/\/consbelohorizonte.esteri.it\/pt\/wp-json\/wp\/v2\/comments?post=579"}],"version-history":[{"count":0,"href":"https:\/\/consbelohorizonte.esteri.it\/pt\/wp-json\/wp\/v2\/posts\/579\/revisions"}],"wp:attachment":[{"href":"https:\/\/consbelohorizonte.esteri.it\/pt\/wp-json\/wp\/v2\/media?parent=579"}],"wp:term":[{"taxonomy":"post_tag","embeddable":true,"href":"https:\/\/consbelohorizonte.esteri.it\/pt\/wp-json\/wp\/v2\/tags?post=579"}],"curies":[{"name":"wp","href":"https:\/\/api.w.org\/{rel}","templated":true}]}}