{"id":563,"date":"2022-06-13T17:33:39","date_gmt":"2022-06-13T15:33:39","guid":{"rendered":"https:\/\/consbelohorizonte.esteri.it\/news\/dal_consolato\/2022\/06\/fare-cinema-2022-2\/"},"modified":"2022-06-13T17:33:39","modified_gmt":"2022-06-13T15:33:39","slug":"fare-cinema-2022-2","status":"publish","type":"post","link":"https:\/\/consbelohorizonte.esteri.it\/pt\/news\/dal_consolato\/2022\/06\/fare-cinema-2022-2\/","title":{"rendered":"Fare Cinema 2022"},"content":{"rendered":"<p style=\"text-align: justify;\">Come\u00e7a hoje a quinta edi\u00e7\u00e3o do Fare Cinema, a resenha lan\u00e7ada em 2018 que promove o cinema e a ind\u00fastria cinematogr\u00e1fica italiana no mundo, pelo Minist\u00e9rio das Rela\u00e7\u00f5es Exteriores e Coopera\u00e7\u00e3o Internacional (It\u00e1lia) e a rede de Embaixadas, Consulados e Institutos Italianos de Cultura, em colabora\u00e7\u00e3o com o Minist\u00e9rio da Cultura (It\u00e1lia), ANICA, Agenzia ICE, Istituto Luce &#8211; Cinecitt\u00e0, Italian Film Commissions e a Accademia del Cinema Italiano &#8211; Premi David di Donatello.<\/p>\n<p style=\"text-align: justify;\">Em 2022 o Fare Cinema tamb\u00e9m prop\u00f5e uma oferta variada de conte\u00fados acess\u00edveis online gratuitamente at\u00e9 19 de junho, no portal Italiana e na plataforma <a href=\"https:\/\/www.mymovies.it\/ondemand\/iic\/\">MyMovies<\/a>.<\/p>\n<p style=\"text-align: justify;\">&#8211; \u201c<a href=\"https:\/\/www.mymovies.it\/ondemand\/iic\/movie\/11968-sono-gassman--vittorio-re-della-commedia\/\">Eu sou Gassman! Vittorio rei da com\u00e9dia<\/a>\u201d o document\u00e1rio de Fabrizio Corallo, em homenagem a Vittorio Gassman, figura emblem\u00e1tica do cinema italiano, pelo centen\u00e1rio de seu nascimento.<\/p>\n<p style=\"text-align: justify;\">&#8211; <a href=\"https:\/\/italiana.esteri.it\/italiana\/eventi\/italian-renaissance\/\">Italian Renaissance<\/a>, um ciclo de conversas com autores que representam a renovada aten\u00e7\u00e3o dedicada ao cinema italiano contempor\u00e2neo por festivais internacionais e cr\u00edticos especializados. Produzida com a Fondazione Cinema per Roma, a s\u00e9rie \u00e9 acompanhada pela exibi\u00e7\u00e3o de curtas-metragens assinados por cada um dos autores envolvidos.<\/p>\n<p style=\"text-align: justify;\">&#8211; <a href=\"https:\/\/italiana.esteri.it\/italiana\/eventi\/italian-screens\/\">Italian Screens<\/a>, os cinco t\u00edtulos finalistas na categoria &#8220;Melhor Curta-Metragem&#8221; dos Pr\u00eamios David di Donatello 2022, apresentados pela Academia de Cinema Italiano e ANICA.<\/p>\n<p style=\"text-align: justify;\">&#8211; <a href=\"https:\/\/italiana.esteri.it\/italiana\/eventi\/fare-cinema-2022-pasolini-100\/\">Pasolini 100<\/a>, uma s\u00e9rie de v\u00eddeo-introdu\u00e7\u00f5es originais aos filmes de Pasolini, realizadas pela Cineteca di Bologna para o anivers\u00e1rio de Pier Paolo Pasolini.<\/p>\n","protected":false},"excerpt":{"rendered":"Come\u00e7a hoje a quinta edi\u00e7\u00e3o do Fare Cinema, a resenha lan\u00e7ada em 2018 que promove o cinema e a ind\u00fastria cinematogr\u00e1fica italiana no mundo, pelo Minist\u00e9rio das Rela\u00e7\u00f5es Exteriores e Coopera\u00e7\u00e3o Internacional (It\u00e1lia) e a rede de Embaixadas, Consulados e Institutos Italianos de Cultura, em colabora\u00e7\u00e3o com o Minist\u00e9rio da Cultura (It\u00e1lia), ANICA, Agenzia ICE, [&hellip;]","protected":false},"author":1,"featured_media":0,"comment_status":"","ping_status":"","sticky":false,"template":"","format":"standard","meta":{"footnotes":""},"tags":[],"class_list":["post-563","post","type-post","status-publish","format-standard","hentry"],"_links":{"self":[{"href":"https:\/\/consbelohorizonte.esteri.it\/pt\/wp-json\/wp\/v2\/posts\/563","targetHints":{"allow":["GET"]}}],"collection":[{"href":"https:\/\/consbelohorizonte.esteri.it\/pt\/wp-json\/wp\/v2\/posts"}],"about":[{"href":"https:\/\/consbelohorizonte.esteri.it\/pt\/wp-json\/wp\/v2\/types\/post"}],"author":[{"embeddable":true,"href":"https:\/\/consbelohorizonte.esteri.it\/pt\/wp-json\/wp\/v2\/users\/1"}],"replies":[{"embeddable":true,"href":"https:\/\/consbelohorizonte.esteri.it\/pt\/wp-json\/wp\/v2\/comments?post=563"}],"version-history":[{"count":0,"href":"https:\/\/consbelohorizonte.esteri.it\/pt\/wp-json\/wp\/v2\/posts\/563\/revisions"}],"wp:attachment":[{"href":"https:\/\/consbelohorizonte.esteri.it\/pt\/wp-json\/wp\/v2\/media?parent=563"}],"wp:term":[{"taxonomy":"post_tag","embeddable":true,"href":"https:\/\/consbelohorizonte.esteri.it\/pt\/wp-json\/wp\/v2\/tags?post=563"}],"curies":[{"name":"wp","href":"https:\/\/api.w.org\/{rel}","templated":true}]}}