{"id":561,"date":"2022-06-15T18:12:57","date_gmt":"2022-06-15T16:12:57","guid":{"rendered":"https:\/\/consbelohorizonte.esteri.it\/news\/dal_consolato\/2022\/06\/ingressi-rientri-in-italia-dall-2\/"},"modified":"2022-06-15T18:12:57","modified_gmt":"2022-06-15T16:12:57","slug":"ingressi-rientri-in-italia-dall-2","status":"publish","type":"post","link":"https:\/\/consbelohorizonte.esteri.it\/pt\/news\/dal_consolato\/2022\/06\/ingressi-rientri-in-italia-dall-2\/","title":{"rendered":"ENTRADA \/ RETORNOS PARA A IT\u00c1LIA DO EXTERIOR"},"content":{"rendered":"<p style=\"text-align: justify;\">A partir de 1\u00ba de junho de 2022, o Green Pass (ou certifica\u00e7\u00e3o equivalente) n\u00e3o \u00e9 mais necess\u00e1rio para a entrada ou retorno \u00e0 It\u00e1lia.<\/p>\n<p style=\"text-align: justify;\">De fato, as medidas restritivas prescritas para a entrada na It\u00e1lia j\u00e1 estabelecidas com portarias do Ministro da Sa\u00fade caducaram desde 31 de maio.<\/p>\n<p style=\"text-align: justify;\">No entanto, at\u00e9 15 de junho de 2022, algumas medidas de conten\u00e7\u00e3o do COVID-19 permanecem em vigor na It\u00e1lia, para mais detalhes consulte o site <a href=\"https:\/\/www.viaggiaresicuri.it\/approfondimenti-insights\/saluteinviaggio\">https:\/\/www.viaggiaresicuri.it\/approfondimenti-insights\/saluteinviaggio<\/a><\/p>\n<p style=\"text-align: justify;\">\u00a0<\/p>\n","protected":false},"excerpt":{"rendered":"A partir de 1\u00ba de junho de 2022, o Green Pass (ou certifica\u00e7\u00e3o equivalente) n\u00e3o \u00e9 mais necess\u00e1rio para a entrada ou retorno \u00e0 It\u00e1lia. De fato, as medidas restritivas prescritas para a entrada na It\u00e1lia j\u00e1 estabelecidas com portarias do Ministro da Sa\u00fade caducaram desde 31 de maio. No entanto, at\u00e9 15 de junho [&hellip;]","protected":false},"author":1,"featured_media":0,"comment_status":"","ping_status":"","sticky":false,"template":"","format":"standard","meta":{"footnotes":""},"tags":[],"class_list":["post-561","post","type-post","status-publish","format-standard","hentry"],"_links":{"self":[{"href":"https:\/\/consbelohorizonte.esteri.it\/pt\/wp-json\/wp\/v2\/posts\/561","targetHints":{"allow":["GET"]}}],"collection":[{"href":"https:\/\/consbelohorizonte.esteri.it\/pt\/wp-json\/wp\/v2\/posts"}],"about":[{"href":"https:\/\/consbelohorizonte.esteri.it\/pt\/wp-json\/wp\/v2\/types\/post"}],"author":[{"embeddable":true,"href":"https:\/\/consbelohorizonte.esteri.it\/pt\/wp-json\/wp\/v2\/users\/1"}],"replies":[{"embeddable":true,"href":"https:\/\/consbelohorizonte.esteri.it\/pt\/wp-json\/wp\/v2\/comments?post=561"}],"version-history":[{"count":0,"href":"https:\/\/consbelohorizonte.esteri.it\/pt\/wp-json\/wp\/v2\/posts\/561\/revisions"}],"wp:attachment":[{"href":"https:\/\/consbelohorizonte.esteri.it\/pt\/wp-json\/wp\/v2\/media?parent=561"}],"wp:term":[{"taxonomy":"post_tag","embeddable":true,"href":"https:\/\/consbelohorizonte.esteri.it\/pt\/wp-json\/wp\/v2\/tags?post=561"}],"curies":[{"name":"wp","href":"https:\/\/api.w.org\/{rel}","templated":true}]}}