{"id":557,"date":"2022-07-05T17:11:51","date_gmt":"2022-07-05T15:11:51","guid":{"rendered":"https:\/\/consbelohorizonte.esteri.it\/news\/dal_consolato\/2022\/07\/giornata-mondiale-della-pizza-2\/"},"modified":"2022-07-05T17:11:51","modified_gmt":"2022-07-05T15:11:51","slug":"giornata-mondiale-della-pizza-2","status":"publish","type":"post","link":"https:\/\/consbelohorizonte.esteri.it\/pt\/news\/dal_consolato\/2022\/07\/giornata-mondiale-della-pizza-2\/","title":{"rendered":"Dia Mundial da Pizza"},"content":{"rendered":"<p>Este s\u00e1bado, dia 09 de julho, ser\u00e1 celebrado o Dia Mundial da Pizza.<\/p>\n<p>Todos est\u00e3o convidados para virem ao Autom\u00f3vel Clube de Minas Gerais, na Av. Afonso Pena, 1394, Centro, Belo Horizonte para um Menu Degusta\u00e7\u00e3o de 12:00 \u00e0s 14:00.<\/p>\n<p>Os ingressos ser\u00e3o vendidos pela &#8216;Pizza Frita Napolitana&#8217; na Rua dos Timbiras, 2628, Santo Agostinho &#8211; WhatsApp: (31) 9853-2107 no pre\u00e7o de R$ 40,00 por pessoa e inclui entrada (pizza frita), sobremesa e 1 bebida.<\/p>\n<p>A Prof.\u00aa Rosalba Principato comanda o evento e o cantor S\u00e9rgio di Napoli nos apresenter\u00e1 a tradicional m\u00fasica napolitana.<\/p>\n<p>\u00a0<\/p>\n<p><img decoding=\"async\" src=\"resource\/img\/2022\/07\/flyer_dia_mundial_da_pizza.jpeg\" alt=\"flyer dia mundial da pizza\" \/><\/p>\n","protected":false},"excerpt":{"rendered":"Este s\u00e1bado, dia 09 de julho, ser\u00e1 celebrado o Dia Mundial da Pizza. Todos est\u00e3o convidados para virem ao Autom\u00f3vel Clube de Minas Gerais, na Av. Afonso Pena, 1394, Centro, Belo Horizonte para um Menu Degusta\u00e7\u00e3o de 12:00 \u00e0s 14:00. Os ingressos ser\u00e3o vendidos pela &#8216;Pizza Frita Napolitana&#8217; na Rua dos Timbiras, 2628, Santo Agostinho [&hellip;]","protected":false},"author":1,"featured_media":0,"comment_status":"","ping_status":"","sticky":false,"template":"","format":"standard","meta":{"footnotes":""},"tags":[],"class_list":["post-557","post","type-post","status-publish","format-standard","hentry"],"_links":{"self":[{"href":"https:\/\/consbelohorizonte.esteri.it\/pt\/wp-json\/wp\/v2\/posts\/557","targetHints":{"allow":["GET"]}}],"collection":[{"href":"https:\/\/consbelohorizonte.esteri.it\/pt\/wp-json\/wp\/v2\/posts"}],"about":[{"href":"https:\/\/consbelohorizonte.esteri.it\/pt\/wp-json\/wp\/v2\/types\/post"}],"author":[{"embeddable":true,"href":"https:\/\/consbelohorizonte.esteri.it\/pt\/wp-json\/wp\/v2\/users\/1"}],"replies":[{"embeddable":true,"href":"https:\/\/consbelohorizonte.esteri.it\/pt\/wp-json\/wp\/v2\/comments?post=557"}],"version-history":[{"count":0,"href":"https:\/\/consbelohorizonte.esteri.it\/pt\/wp-json\/wp\/v2\/posts\/557\/revisions"}],"wp:attachment":[{"href":"https:\/\/consbelohorizonte.esteri.it\/pt\/wp-json\/wp\/v2\/media?parent=557"}],"wp:term":[{"taxonomy":"post_tag","embeddable":true,"href":"https:\/\/consbelohorizonte.esteri.it\/pt\/wp-json\/wp\/v2\/tags?post=557"}],"curies":[{"name":"wp","href":"https:\/\/api.w.org\/{rel}","templated":true}]}}