{"id":5360,"date":"2025-08-28T13:15:26","date_gmt":"2025-08-28T16:15:26","guid":{"rendered":"https:\/\/consbelohorizonte.esteri.it\/news\/dal_consolato\/2025\/08\/il-volo-em-belo-horizonte\/"},"modified":"2025-09-03T09:11:53","modified_gmt":"2025-09-03T12:11:53","slug":"il-volo-em-belo-horizonte","status":"publish","type":"post","link":"https:\/\/consbelohorizonte.esteri.it\/pt\/news\/dal_consolato\/2025\/08\/il-volo-em-belo-horizonte\/","title":{"rendered":"IL VOLO EM BELO HORIZONTE"},"content":{"rendered":"<p>Show de abertura\u00a0apoiado pelo Consulado-Geral da It\u00e1lia em Belo Horizonte<\/p>\n<p>Grandes vozes da m\u00fasica italiana em Belo Horizonte.<\/p>\n<p>\ud83d\udccdExpominas | 5 de outubro<\/p>\n<p>Gianluca Ginoble, Ignazio Boschetto e Piero Barone desembarcam em Belo Horizonte com a turn\u00ea Live in Concert 2025, acompanhados de uma grande orquestra, para uma noite inesquec\u00edvel!No repert\u00f3rio, o trio apresentar\u00e1 sucessos da m\u00fasica internacional, al\u00e9m de can\u00e7\u00f5es do novo \u00e1lbum Ad Astra.<\/p>\n<p>Re\u00fana a fam\u00edlia e os amigos para viver uma experi\u00eancia \u00fanica, em um espa\u00e7o exclusivo, com vista privilegiada e atendimento diferenciado.<\/p>\n<p>\ud83c\udf9f\ufe0fLounge \u00e0 venda pela plataforma da Ticket360 &gt;&gt; <a href=\"ttps:\/\/www.ticket360.com.br\/evento\/30881\/ingressos-para-festival-de-educacao-liga-da-gide-com-il-volo\">AQUI\u00a0<\/a><\/p>\n<p>&nbsp;<\/p>\n<p>\u2728 Aten\u00e7\u00e3o: O show \u00e9 a atra\u00e7\u00e3o de abertura do Festival de Educa\u00e7\u00e3o Liga da Gide @fundacaodagide, um dos maiores eventos da comunidade educacional brasileira. Por isso, apenas parte dos ingressos ser\u00e1 disponibilizada ao p\u00fablico geral. O restante das cadeiras ser\u00e1 reservado aos educadores participantes do festival.<\/p>\n<p>Garanta agora o seu lugar e prepare-se para mais uma noite memor\u00e1vel com IL VOLO.<\/p>\n<p>@fundacaodagide\u00a0<a href=\"https:\/\/www.instagram.com\/ilvolobh\/\">@ilvolobh<\/a>\u00a0<a href=\"https:\/\/www.instagram.com\/expominasbh\/\">@expominasbh<\/a>\u00a0<a href=\"https:\/\/www.instagram.com\/no_de_rosa\/\">@no_de_rosa<\/a>\u00a0@poladianproducoes\u00a0\u00a0<a href=\"https:\/\/www.instagram.com\/ticket360\/\">@ticket360<\/a>\u00a0<a href=\"https:\/\/www.instagram.com\/ilvolomusic\/\">@ilvolomusic<\/a>\u00a0<a href=\"https:\/\/www.instagram.com\/ilvolobrasiloficial\/\">@ilvolobrasiloficial<\/a>\u00a0<a href=\"https:\/\/www.instagram.com\/ilvolo.blog\/\">@ilvolo.blog<\/a><\/p>\n","protected":false},"excerpt":{"rendered":"Show de abertura\u00a0apoiado pelo Consulado-Geral da It\u00e1lia em Belo Horizonte Grandes vozes da m\u00fasica italiana em Belo Horizonte. \ud83d\udccdExpominas | 5 de outubro Gianluca Ginoble, Ignazio Boschetto e Piero Barone desembarcam em Belo Horizonte com a turn\u00ea Live in Concert 2025, acompanhados de uma grande orquestra, para uma noite inesquec\u00edvel!No repert\u00f3rio, o trio apresentar\u00e1 sucessos [&hellip;]","protected":false},"author":20,"featured_media":5356,"comment_status":"closed","ping_status":"closed","sticky":false,"template":"","format":"standard","meta":{"footnotes":""},"tags":[],"class_list":["post-5360","post","type-post","status-publish","format-standard","has-post-thumbnail","hentry"],"_links":{"self":[{"href":"https:\/\/consbelohorizonte.esteri.it\/pt\/wp-json\/wp\/v2\/posts\/5360","targetHints":{"allow":["GET"]}}],"collection":[{"href":"https:\/\/consbelohorizonte.esteri.it\/pt\/wp-json\/wp\/v2\/posts"}],"about":[{"href":"https:\/\/consbelohorizonte.esteri.it\/pt\/wp-json\/wp\/v2\/types\/post"}],"author":[{"embeddable":true,"href":"https:\/\/consbelohorizonte.esteri.it\/pt\/wp-json\/wp\/v2\/users\/20"}],"replies":[{"embeddable":true,"href":"https:\/\/consbelohorizonte.esteri.it\/pt\/wp-json\/wp\/v2\/comments?post=5360"}],"version-history":[{"count":3,"href":"https:\/\/consbelohorizonte.esteri.it\/pt\/wp-json\/wp\/v2\/posts\/5360\/revisions"}],"predecessor-version":[{"id":5392,"href":"https:\/\/consbelohorizonte.esteri.it\/pt\/wp-json\/wp\/v2\/posts\/5360\/revisions\/5392"}],"wp:featuredmedia":[{"embeddable":true,"href":"https:\/\/consbelohorizonte.esteri.it\/pt\/wp-json\/wp\/v2\/media\/5356"}],"wp:attachment":[{"href":"https:\/\/consbelohorizonte.esteri.it\/pt\/wp-json\/wp\/v2\/media?parent=5360"}],"wp:term":[{"taxonomy":"post_tag","embeddable":true,"href":"https:\/\/consbelohorizonte.esteri.it\/pt\/wp-json\/wp\/v2\/tags?post=5360"}],"curies":[{"name":"wp","href":"https:\/\/api.w.org\/{rel}","templated":true}]}}