{"id":535,"date":"2022-09-05T21:59:37","date_gmt":"2022-09-05T19:59:37","guid":{"rendered":"https:\/\/consbelohorizonte.esteri.it\/news\/dal_consolato\/2022\/09\/lancio-numero-speciale-rivista-2\/"},"modified":"2022-09-05T21:59:37","modified_gmt":"2022-09-05T19:59:37","slug":"lancio-numero-speciale-rivista-2","status":"publish","type":"post","link":"https:\/\/consbelohorizonte.esteri.it\/pt\/news\/dal_consolato\/2022\/09\/lancio-numero-speciale-rivista-2\/","title":{"rendered":"LAN\u00c7AMENTO EDI\u00c7\u00c3O ESPECIAL DA REVISTA &#8220;COMUNIT\u00c0 ITALIANA&#8221; POR OCASI\u00c3O DA COMEMORA\u00c7\u00c3O DO BICENTEN\u00c1RIO DA INDEPEND\u00caNCIA DO BRASIL"},"content":{"rendered":"<p style=\"text-align: justify;\">Como parte das iniciativas italianas para comemorar o Bicenten\u00e1rio da Independ\u00eancia do Brasil, a Embaixada da It\u00e1lia e a revista Comunit\u00e0 Italiana oferecem uma edi\u00e7\u00e3o especial de 162 p\u00e1ginas da revista bil\u00edngue.<\/p>\n<p style=\"text-align: justify;\">Os artigos, com assinaturas de prest\u00edgio, s\u00e3o fruto do trabalho de especialistas e abrangem desde economia, \u00e0 diplomacia, defesa, tecnologia e seguran\u00e7a, hist\u00f3ria, direito, cinema, m\u00fasica, literatura, imprensa, arte, arquitetura, cultura, publicidade, pandemia, sa\u00fade, psiquiatria, meio ambiente, educa\u00e7\u00e3o, esporte, moda, gastronomia, inova\u00e7\u00e3o e tecnologia, e sociedade.<\/p>\n<p style=\"text-align: justify;\">\u201cO leitmotiv do nosso presente ao Brasil e aos brasileiros s\u00e3o os 200 anos de contribui\u00e7\u00f5es decisivas, muitas vezes desconhecidas, de italianos e \u00edtalo-brasileiros para o crescimento de um pa\u00eds hoje estrat\u00e9gico no cen\u00e1rio internacional. Agradecimentos especiais ao Diretor Pietro Petraglia, um verdadeiro \u00edtalo-brasileiro. Uma afetuosa sauda\u00e7\u00e3o ao Brasil e a todos os que aqui vivem\u201d.<\/p>\n<p style=\"text-align: justify;\">A vers\u00e3o online da edi\u00e7\u00e3o especial da revista Comunit\u00e0 Italiana pode ser encontrada no seguinte link: <a href=\"https:\/\/pdf.magtab.com\/reader\/revista-comunita-italiana\/22430\">https:\/\/pdf.magtab.com\/reader\/revista-comunita-italiana\/22430<\/a><\/p>\n<p>\u00a0<\/p>\n","protected":false},"excerpt":{"rendered":"Como parte das iniciativas italianas para comemorar o Bicenten\u00e1rio da Independ\u00eancia do Brasil, a Embaixada da It\u00e1lia e a revista Comunit\u00e0 Italiana oferecem uma edi\u00e7\u00e3o especial de 162 p\u00e1ginas da revista bil\u00edngue. Os artigos, com assinaturas de prest\u00edgio, s\u00e3o fruto do trabalho de especialistas e abrangem desde economia, \u00e0 diplomacia, defesa, tecnologia e seguran\u00e7a, hist\u00f3ria, [&hellip;]","protected":false},"author":1,"featured_media":0,"comment_status":"","ping_status":"","sticky":false,"template":"","format":"standard","meta":{"footnotes":""},"tags":[],"class_list":["post-535","post","type-post","status-publish","format-standard","hentry"],"_links":{"self":[{"href":"https:\/\/consbelohorizonte.esteri.it\/pt\/wp-json\/wp\/v2\/posts\/535","targetHints":{"allow":["GET"]}}],"collection":[{"href":"https:\/\/consbelohorizonte.esteri.it\/pt\/wp-json\/wp\/v2\/posts"}],"about":[{"href":"https:\/\/consbelohorizonte.esteri.it\/pt\/wp-json\/wp\/v2\/types\/post"}],"author":[{"embeddable":true,"href":"https:\/\/consbelohorizonte.esteri.it\/pt\/wp-json\/wp\/v2\/users\/1"}],"replies":[{"embeddable":true,"href":"https:\/\/consbelohorizonte.esteri.it\/pt\/wp-json\/wp\/v2\/comments?post=535"}],"version-history":[{"count":0,"href":"https:\/\/consbelohorizonte.esteri.it\/pt\/wp-json\/wp\/v2\/posts\/535\/revisions"}],"wp:attachment":[{"href":"https:\/\/consbelohorizonte.esteri.it\/pt\/wp-json\/wp\/v2\/media?parent=535"}],"wp:term":[{"taxonomy":"post_tag","embeddable":true,"href":"https:\/\/consbelohorizonte.esteri.it\/pt\/wp-json\/wp\/v2\/tags?post=535"}],"curies":[{"name":"wp","href":"https:\/\/api.w.org\/{rel}","templated":true}]}}