{"id":5328,"date":"2025-08-19T10:30:37","date_gmt":"2025-08-19T13:30:37","guid":{"rendered":"https:\/\/consbelohorizonte.esteri.it\/?p=5328"},"modified":"2025-08-19T10:30:37","modified_gmt":"2025-08-19T13:30:37","slug":"open-brazil-power-2025-edital-para-a-formacao-de-jovens-lideres-no-setor-energetico","status":"publish","type":"post","link":"https:\/\/consbelohorizonte.esteri.it\/pt\/news\/dal_consolato\/2025\/08\/open-brazil-power-2025-edital-para-a-formacao-de-jovens-lideres-no-setor-energetico\/","title":{"rendered":"Open Brazil Power 2025 \u2013 Edital para a forma\u00e7\u00e3o de jovens l\u00edderes no setor energ\u00e9tico"},"content":{"rendered":"<div class=\"entry-content\">\n<p>A Enel Foundation, em colabora\u00e7\u00e3o com a organiza\u00e7\u00e3o Sustainable Energy for All (SEforALL), lan\u00e7a o <em>Open Brazil Power 2025<\/em>, um programa inovador voltado a jovens profissionais brasileiros interessados em guiar a transi\u00e7\u00e3o energ\u00e9tica e a transformar o futuro do setor el\u00e9trico nacional.<\/p>\n<p>Inspirado no modelo de sucesso de <em>Open Africa Power<\/em>, o projeto oferece um percurso formativo intensivo com conte\u00fados de natureza t\u00e9cnica, regulat\u00f3ria e estrat\u00e9gica, gra\u00e7as a participa\u00e7\u00e3o de institui\u00e7\u00f5es acad\u00eamicas de prest\u00edgio no Brasil e na It\u00e1lia.<\/p>\n<p>Ser\u00e3o selecionados 30 candidatos, com uma quota m\u00ednima de 50% reservada para mulheres. O edital \u00e9 destinado a jovens brasileiros entre 24 e 35 anos, que possuam gradua\u00e7\u00e3o, MBA ou doutorado obtido at\u00e9 julho de 2025, com pelo menos um dos diplomas obtido em uma institui\u00e7\u00e3o brasileira. \u00c9 solicitado o conhecimento fluente da l\u00edngua inglesa e um comprovado interesse pelo setor el\u00e9trico. As candidaturas est\u00e3o abertas at\u00e9 dia 31 de agosto de 2025.<\/p>\n<p>O programa \u00e9 articulado em dois m\u00f3dulos principais: o primeiro, M\u00f3dulo Brasil, se desenvolver\u00e1 exclusivamente online, em colabora\u00e7\u00e3o com o Grupo de Estudos do Setor El\u00e9trico (GESEL) da Universidade Federal do Rio de Janeiro (UFRJ) e tratar\u00e1 de temas como:<\/p>\n<ul>\n<li>energia e objetivos de Desenvolvimento Sustent\u00e1vel (SDG),<\/li>\n<li>inova\u00e7\u00f5es tecnol\u00f3gicas (hidrog\u00eanio, sistemas de ac\u00famulo)<\/li>\n<li>regula\u00e7\u00e3o de mercado de carbono.<\/li>\n<\/ul>\n<p>O M\u00f3dulo Brasil come\u00e7ar\u00e1 dia 15 de setembro 2025 e terminar\u00e1 dia 6 de outubro de 2025.<\/p>\n<p>Os participantes que se destacarem acessar\u00e3o ent\u00e3o ao m\u00f3dulo avan\u00e7ado com dura\u00e7\u00e3o de oito semanas, nas institui\u00e7\u00f5es acad\u00eamicas <em>Politecnico di Torino<\/em>,\u00a0<em>Politecnico di Milano<\/em>\u00a0e\u00a0<em>SDA Bocconi School of Management<\/em>. O programa abordar\u00e1 temas como tecnologia avan\u00e7ada, economia clim\u00e1tica e processos decisionais em contextos de incertezas.<\/p>\n<p data-start=\"42\" data-end=\"250\">Est\u00e1 igualmente previsto um m\u00f3dulo adicional para alguns participantes, que poder\u00e3o ser convidados a participar de iniciativas educativas e eventos promovidos pela Enel Foundation no Brasil e no exterior.<\/p>\n<p data-start=\"252\" data-end=\"295\">Para mais informa\u00e7\u00f5es, consulte o site: <a href=\"https:\/\/www.enelfoundation.org\/all-news\/news\/2025\/07\/open-brazil-power-2025-call-for-applications\">https:\/\/www.enelfoundation.org\/all-news\/news\/2025\/07\/open-brazil-power-2025-call-for-applications<\/a><\/p>\n<\/div>\n","protected":false},"excerpt":{"rendered":"A Enel Foundation, em colabora\u00e7\u00e3o com a organiza\u00e7\u00e3o Sustainable Energy for All (SEforALL), lan\u00e7a o Open Brazil Power 2025, um programa inovador voltado a jovens profissionais brasileiros interessados em guiar a transi\u00e7\u00e3o energ\u00e9tica e a transformar o futuro do setor el\u00e9trico nacional. Inspirado no modelo de sucesso de Open Africa Power, o projeto oferece um [&hellip;]","protected":false},"author":20,"featured_media":5329,"comment_status":"closed","ping_status":"closed","sticky":false,"template":"","format":"standard","meta":{"footnotes":""},"tags":[],"class_list":["post-5328","post","type-post","status-publish","format-standard","has-post-thumbnail","hentry"],"_links":{"self":[{"href":"https:\/\/consbelohorizonte.esteri.it\/pt\/wp-json\/wp\/v2\/posts\/5328","targetHints":{"allow":["GET"]}}],"collection":[{"href":"https:\/\/consbelohorizonte.esteri.it\/pt\/wp-json\/wp\/v2\/posts"}],"about":[{"href":"https:\/\/consbelohorizonte.esteri.it\/pt\/wp-json\/wp\/v2\/types\/post"}],"author":[{"embeddable":true,"href":"https:\/\/consbelohorizonte.esteri.it\/pt\/wp-json\/wp\/v2\/users\/20"}],"replies":[{"embeddable":true,"href":"https:\/\/consbelohorizonte.esteri.it\/pt\/wp-json\/wp\/v2\/comments?post=5328"}],"version-history":[{"count":1,"href":"https:\/\/consbelohorizonte.esteri.it\/pt\/wp-json\/wp\/v2\/posts\/5328\/revisions"}],"predecessor-version":[{"id":5335,"href":"https:\/\/consbelohorizonte.esteri.it\/pt\/wp-json\/wp\/v2\/posts\/5328\/revisions\/5335"}],"wp:featuredmedia":[{"embeddable":true,"href":"https:\/\/consbelohorizonte.esteri.it\/pt\/wp-json\/wp\/v2\/media\/5329"}],"wp:attachment":[{"href":"https:\/\/consbelohorizonte.esteri.it\/pt\/wp-json\/wp\/v2\/media?parent=5328"}],"wp:term":[{"taxonomy":"post_tag","embeddable":true,"href":"https:\/\/consbelohorizonte.esteri.it\/pt\/wp-json\/wp\/v2\/tags?post=5328"}],"curies":[{"name":"wp","href":"https:\/\/api.w.org\/{rel}","templated":true}]}}