{"id":531,"date":"2022-09-09T19:46:47","date_gmt":"2022-09-09T17:46:47","guid":{"rendered":"https:\/\/consbelohorizonte.esteri.it\/news\/dal_consolato\/2022\/09\/concerto-per-pianoforte-e-contrabbasso-2\/"},"modified":"2022-09-09T19:46:47","modified_gmt":"2022-09-09T17:46:47","slug":"concerto-per-pianoforte-e-contrabbasso-2","status":"publish","type":"post","link":"https:\/\/consbelohorizonte.esteri.it\/pt\/news\/dal_consolato\/2022\/09\/concerto-per-pianoforte-e-contrabbasso-2\/","title":{"rendered":"Concerto para piano e contra-baixo em homenagem ao compositor Henrique Oswald \u2013 Prof. Rapetti (Floren\u00e7a, It\u00e1lia) e Prof. Borem (Belo Horizonte, Brasil) \u2013 14 e 16 de setembro 2022"},"content":{"rendered":"<p style=\"text-align: justify;\">Foi atrav\u00e9s da internet que os professores de m\u00fasica e pesquisadores da It\u00e1lia e do Brasil Marco Rapetti do Conservat\u00f3rio de Floren\u00e7a e Fausto Bor\u00e9m da Escola de M\u00fasica da UFMG descobriram que tinham em comum a paix\u00e3o pela obra musical de Henrique Oswald, a quem Villa-Lobos considerava o melhor compositor do Brasil. Na segunda metade do s\u00e9culo XIX, Oswald recebeu uma bolsa de estudos do Imperador Dom Pedro II para estudar piano e composi\u00e7\u00e3o na Europa. Escolheu a It\u00e1lia como sua segunda p\u00e1tria e, em Floren\u00e7a, se destacou como um dos grandes m\u00fasicos daquele per\u00edodo.<\/p>\n<p style=\"text-align: justify;\">Apoiados pelo Consulado da It\u00e1lia em Belo Horizonte, os Professores Marco Rapetti e Fausto Bor\u00e9m far\u00e3o dois concertos de m\u00fasica rom\u00e2ntica: dia 14 de setembro \u00e0s 15:20h na Escola de M\u00fasica da UFMG (na Avenida Ant\u00f4nio Carlos, 6627 &#8211; Campus Pampulha) e dia 16 de setembro \u00e0s 20:00h no Conservat\u00f3rio da UFMG (na Avenida Afonso Pena, 1534). No programa para piano e contrabaixo, v\u00e1rias obras-primas ser\u00e3o apresentadas. O Prof. Bor\u00e9m restaurou, a partir de tr\u00eas manuscritos raros, a \u201cSonata Op.21\u201d de Oswald. J\u00e1 o Prof. Rapetti far\u00e1 a estreia no Brasil de uma Sonata P\u00f3stuma de Alexander Scriabin, cujo manuscrito o Prof. Rapetti descobriu e restaurou.<\/p>\n<p style=\"text-align: justify;\">Ap\u00f3s os recitais, os dois professores pesquisadores continuar\u00e3o a pr\u00f3pria pesquisa hist\u00f3rica em Belo Horizonte, Rio de Janeiro e S\u00e3o Paulo.<\/p>\n<p style=\"text-align: justify;\"><strong>SERVI\u00c7O<\/strong><\/p>\n<p style=\"text-align: justify;\"><strong>Concerto de musica rom\u00e2ntica &#8211; 170 anos de Henrique Oswald<\/strong><\/p>\n<p style=\"text-align: justify;\">ENTRADA GRATUITA &#8211; sujeita \u00e0 capacidade do espa\u00e7o.<\/p>\n<p style=\"text-align: justify;\"><strong>Data e hor\u00e1rio<\/strong>: 14 de setembro \u00e0s 15h20 e 16 de setembro \u00e0s 20h00<\/p>\n<p style=\"text-align: justify;\"><strong>Local<\/strong>: Concerto do 14 de setembro na Escola de Musica da UFMG e do dia 16 de setembro no Conservatorio de Musica da UFMG<\/p>\n","protected":false},"excerpt":{"rendered":"Foi atrav\u00e9s da internet que os professores de m\u00fasica e pesquisadores da It\u00e1lia e do Brasil Marco Rapetti do Conservat\u00f3rio de Floren\u00e7a e Fausto Bor\u00e9m da Escola de M\u00fasica da UFMG descobriram que tinham em comum a paix\u00e3o pela obra musical de Henrique Oswald, a quem Villa-Lobos considerava o melhor compositor do Brasil. Na segunda [&hellip;]","protected":false},"author":1,"featured_media":0,"comment_status":"","ping_status":"","sticky":false,"template":"","format":"standard","meta":{"footnotes":""},"tags":[],"class_list":["post-531","post","type-post","status-publish","format-standard","hentry"],"_links":{"self":[{"href":"https:\/\/consbelohorizonte.esteri.it\/pt\/wp-json\/wp\/v2\/posts\/531","targetHints":{"allow":["GET"]}}],"collection":[{"href":"https:\/\/consbelohorizonte.esteri.it\/pt\/wp-json\/wp\/v2\/posts"}],"about":[{"href":"https:\/\/consbelohorizonte.esteri.it\/pt\/wp-json\/wp\/v2\/types\/post"}],"author":[{"embeddable":true,"href":"https:\/\/consbelohorizonte.esteri.it\/pt\/wp-json\/wp\/v2\/users\/1"}],"replies":[{"embeddable":true,"href":"https:\/\/consbelohorizonte.esteri.it\/pt\/wp-json\/wp\/v2\/comments?post=531"}],"version-history":[{"count":0,"href":"https:\/\/consbelohorizonte.esteri.it\/pt\/wp-json\/wp\/v2\/posts\/531\/revisions"}],"wp:attachment":[{"href":"https:\/\/consbelohorizonte.esteri.it\/pt\/wp-json\/wp\/v2\/media?parent=531"}],"wp:term":[{"taxonomy":"post_tag","embeddable":true,"href":"https:\/\/consbelohorizonte.esteri.it\/pt\/wp-json\/wp\/v2\/tags?post=531"}],"curies":[{"name":"wp","href":"https:\/\/api.w.org\/{rel}","templated":true}]}}