{"id":5271,"date":"2025-08-08T14:24:01","date_gmt":"2025-08-08T17:24:01","guid":{"rendered":"https:\/\/consbelohorizonte.esteri.it\/?p=5271"},"modified":"2025-08-11T14:27:04","modified_gmt":"2025-08-11T17:27:04","slug":"messaggio-del-vice-presidente-del-consiglio-dei-ministri-e-ministro-degli-affari-esteri-e-cooperazione-internazionale-on-antonio-tajani-in-occasione-del-69-anniversario-del-disastro-di-marcin","status":"publish","type":"post","link":"https:\/\/consbelohorizonte.esteri.it\/pt\/news\/dal_consolato\/2025\/08\/messaggio-del-vice-presidente-del-consiglio-dei-ministri-e-ministro-degli-affari-esteri-e-cooperazione-internazionale-on-antonio-tajani-in-occasione-del-69-anniversario-del-disastro-di-marcin\/","title":{"rendered":"MENSAGEM DO VICE-PRIMEIRO-MINISTRO E MINISTRO DAS RELA\u00c7\u00d5ES EXTERIORES E COOPERA\u00c7\u00c3O INTERNACIONAL, SR. ANTONIO TAJANI, POR OCASI\u00c3O DO 69\u00ba ANIVERS\u00c1RIO DO DESASTRE DE MARCINELLE E DO 24\u00ba DIA NACIONAL DO SACRIF\u00cdCIO DO TRABALHO ITALIANO NO MUNDO"},"content":{"rendered":"<p data-start=\"370\" data-end=\"915\">O dia 8 de agosto \u00e9, h\u00e1 69 anos, uma das p\u00e1ginas mais tristes da nossa hist\u00f3ria.<br data-start=\"450\" data-end=\"453\" \/>Uma dor que partilhamos com outros 11 pa\u00edses que, naquele dia, perderam tantos de seus filhos na mina de Bois du Cazier \u2014 uma trag\u00e9dia italiana e europeia, como fiz quest\u00e3o de ressaltar, com profunda emo\u00e7\u00e3o, nas muitas visitas que realizei ao longo das minhas diversas fun\u00e7\u00f5es: como parlamentar europeu, vice-presidente da Comiss\u00e3o Europeia, presidente do Parlamento Europeu e, mais recentemente, como vice-primeiro-ministro e ministro das Rela\u00e7\u00f5es Exteriores.<\/p>\n<p data-start=\"917\" data-end=\"1447\">Passadas tantas d\u00e9cadas, Marcinelle \u2014 assim como Monongah, nos Estados Unidos, ou Mattmark, na Su\u00ed\u00e7a, cen\u00e1rios de acidentes semelhantes \u2014 ainda hoje evoca as hist\u00f3rias dos nossos compatriotas que partiram de Abruzzo, V\u00eaneto, Cal\u00e1bria e de todas as regi\u00f5es da It\u00e1lia, levando consigo suor, esperan\u00e7a e o desejo de reden\u00e7\u00e3o. Hist\u00f3rias e mem\u00f3rias que frequentemente enriquecem meus encontros com os italianos no exterior ou minhas visitas dentro do pa\u00eds, como ocorreu na cidade calabresa de Motta San Giovanni, em dezembro passado.<\/p>\n<p data-start=\"1449\" data-end=\"1807\">A eles, o Governo Berlusconi dedicou, em 2001, o \u201cDia Nacional do Sacrif\u00edcio do Trabalho Italiano no Mundo\u201d. Uma data que vai al\u00e9m da lembran\u00e7a de um \u00fanico epis\u00f3dio, para celebrar todos aqueles que levaram ao mundo \u2014 com o exemplo do seu trabalho \u00e1rduo \u2014 o saber-fazer italiano e os nossos valores de perseveran\u00e7a, solidariedade e orgulho de pertencimento.<\/p>\n<p data-start=\"1809\" data-end=\"2416\">As coroas de flores que ser\u00e3o depositadas nesta manh\u00e3 aos p\u00e9s do monumento de Marcinelle, na presen\u00e7a dos \u00faltimos testemunhos daquele dia, vestindo o macac\u00e3o azul de trabalho e o capacete, s\u00e3o um sinal de reconhecimento por seu sacrif\u00edcio. Mas s\u00e3o tamb\u00e9m uma forma de celebrar a extraordin\u00e1ria contribui\u00e7\u00e3o ao desenvolvimento que nossas comunidades continuam a oferecer aos pa\u00edses que escolheram como lar, gra\u00e7as tamb\u00e9m \u00e0 atua\u00e7\u00e3o de novas gera\u00e7\u00f5es de profissionais, pesquisadores, oper\u00e1rios e t\u00e9cnicos altamente especializados \u2014 verdadeiros embaixadores de uma It\u00e1lia voltada para o crescimento e a inova\u00e7\u00e3o.<\/p>\n<p data-start=\"2418\" data-end=\"2984\">Do dever de mem\u00f3ria deve nascer um firme compromisso para combatermos juntos, na It\u00e1lia e na Europa, o flagelo dos acidentes de trabalho.<br data-start=\"2555\" data-end=\"2558\" \/>Marcinelle nos ensina que a pessoa deve permanecer sempre no centro, tendo a cultura da seguran\u00e7a no trabalho como pedra angular de todo o sistema econ\u00f4mico. Esta tem sido, para mim, desde os anos do meu trabalho em Bruxelas, uma prioridade absoluta, e apoiei com convic\u00e7\u00e3o, desde o primeiro momento, a proposta \u2014 em fase de aprova\u00e7\u00e3o \u2014 de instituir o dia 8 de agosto como uma Jornada Europeia de reflex\u00e3o sobre estes temas.<\/p>\n<p data-start=\"2986\" data-end=\"3208\">A seguran\u00e7a no trabalho \u00e9, afinal, uma responsabilidade de todos, e o Governo se empenhou desde o in\u00edcio com a\u00e7\u00f5es voltadas para a preven\u00e7\u00e3o, a forma\u00e7\u00e3o, a conscientiza\u00e7\u00e3o e uma forte atua\u00e7\u00e3o no combate \u00e0 irregularidade.<\/p>\n<p data-start=\"3210\" data-end=\"3501\">A todos os nossos compatriotas no mundo, envio hoje meu pensamento pessoal de gratid\u00e3o, orgulho e proximidade. O seu empenho, as suas compet\u00eancias e os seus \u00eaxitos s\u00e3o parte essencial da nossa hist\u00f3ria, assim como do nosso futuro, e continuar\u00e3o a enriquecer o nosso pa\u00eds e o mundo inteiro.<\/p>\n","protected":false},"excerpt":{"rendered":"O dia 8 de agosto \u00e9, h\u00e1 69 anos, uma das p\u00e1ginas mais tristes da nossa hist\u00f3ria.Uma dor que partilhamos com outros 11 pa\u00edses que, naquele dia, perderam tantos de seus filhos na mina de Bois du Cazier \u2014 uma trag\u00e9dia italiana e europeia, como fiz quest\u00e3o de ressaltar, com profunda emo\u00e7\u00e3o, nas muitas visitas [&hellip;]","protected":false},"author":20,"featured_media":0,"comment_status":"closed","ping_status":"closed","sticky":false,"template":"","format":"standard","meta":{"footnotes":""},"tags":[],"class_list":["post-5271","post","type-post","status-publish","format-standard","hentry"],"_links":{"self":[{"href":"https:\/\/consbelohorizonte.esteri.it\/pt\/wp-json\/wp\/v2\/posts\/5271","targetHints":{"allow":["GET"]}}],"collection":[{"href":"https:\/\/consbelohorizonte.esteri.it\/pt\/wp-json\/wp\/v2\/posts"}],"about":[{"href":"https:\/\/consbelohorizonte.esteri.it\/pt\/wp-json\/wp\/v2\/types\/post"}],"author":[{"embeddable":true,"href":"https:\/\/consbelohorizonte.esteri.it\/pt\/wp-json\/wp\/v2\/users\/20"}],"replies":[{"embeddable":true,"href":"https:\/\/consbelohorizonte.esteri.it\/pt\/wp-json\/wp\/v2\/comments?post=5271"}],"version-history":[{"count":5,"href":"https:\/\/consbelohorizonte.esteri.it\/pt\/wp-json\/wp\/v2\/posts\/5271\/revisions"}],"predecessor-version":[{"id":5286,"href":"https:\/\/consbelohorizonte.esteri.it\/pt\/wp-json\/wp\/v2\/posts\/5271\/revisions\/5286"}],"wp:attachment":[{"href":"https:\/\/consbelohorizonte.esteri.it\/pt\/wp-json\/wp\/v2\/media?parent=5271"}],"wp:term":[{"taxonomy":"post_tag","embeddable":true,"href":"https:\/\/consbelohorizonte.esteri.it\/pt\/wp-json\/wp\/v2\/tags?post=5271"}],"curies":[{"name":"wp","href":"https:\/\/api.w.org\/{rel}","templated":true}]}}