{"id":527,"date":"2022-09-21T20:18:42","date_gmt":"2022-09-21T18:18:42","guid":{"rendered":"https:\/\/consbelohorizonte.esteri.it\/news\/dal_consolato\/2022\/09\/nuova-mostra-del-pittore-italiano-2\/"},"modified":"2022-09-21T20:18:42","modified_gmt":"2022-09-21T18:18:42","slug":"nuova-mostra-del-pittore-italiano-2","status":"publish","type":"post","link":"https:\/\/consbelohorizonte.esteri.it\/pt\/news\/dal_consolato\/2022\/09\/nuova-mostra-del-pittore-italiano-2\/","title":{"rendered":"Nova exposi\u00e7\u00e3o do artista italiano Umberto Nigi no CCBB &#8211; Centro Cultural do Banco do Brasil &#8211; Do dia 21\/09 ao dia 14\/11\/2022"},"content":{"rendered":"<p style=\"text-align: justify;\">O artista pl\u00e1stico italiano apresenta a Belo Horizonte, pela primeira vez, 102 obras de sua trajet\u00f3ria \u2013 entre telas e esculturas &#8211; que datam dos anos 80 at\u00e9 os dias de hoje passando por diferentes fases de seu percurso, do figurativo ao abstrato, a cria\u00e7\u00e3o com materiais reciclados.<\/p>\n<p style=\"text-align: justify;\">No dia 21 de setembro, quarta-feira, estreia \u201cCor e forma: a poesia do equil\u00edbrio\u201d, no Centro Cultural Banco do Brasil. Com mais de 100 obras in\u00e9ditas na capital mineira, a exposi\u00e7\u00e3o re\u00fane uma antologia do italiano Umberto Nigi, com esculturas sobre madeira, quadros de sua fase figurativa, nos anos 80, at\u00e9 passagens pelas d\u00e9cadas de 1990, 2000 e 2020, em que o artista pl\u00e1stico transita para a pintura abstrata e passa a mesclar, nas telas, materiais reciclados como areia, juta, papel, rede met\u00e1lica, gesso e outros.<\/p>\n<p style=\"text-align: justify;\">A exposi\u00e7\u00e3o fica em cartaz at\u00e9 o dia 14 de novembro, de quarta a segunda, das 10h \u00e0s 22h, e a entrada \u00e9 gratuita. Os ingressos podem ser retirados pelo site bb.com.br\/cultura ou na bilheteria do CCBB BH (Pra\u00e7a da Liberdade, 450 \u2013 Funcion\u00e1rios). Durante o per\u00edodo da exposi\u00e7\u00e3o, no dia 28.09, quarta-feira, amantes de Piazzolla, podem assistir ainda ao show gratuito com o jovem acordeonista italiano Pietro Roffi e o quinteto de cordas Fam\u00edlia Barros, a partir das 20h, no Teatro I.<\/p>\n<p style=\"text-align: justify;\">Mais informa\u00e7\u00f5es sobre a exposi\u00e7\u00e3o e o show: bb.com.br\/cultura I (31) 3431-9400 I Redes sociais CCBB: (Instagram) @ccbbbh @ItalyinBH\/ (twitter) @ccbb_bh \/ (Facebook) ccbb.bh. Este projeto tem apoio do Centro Cultural Banco do Brasil e patroc\u00ednio do Consulado da It\u00e1lia em Belo Horizonte.<\/p>\n","protected":false},"excerpt":{"rendered":"O artista pl\u00e1stico italiano apresenta a Belo Horizonte, pela primeira vez, 102 obras de sua trajet\u00f3ria \u2013 entre telas e esculturas &#8211; que datam dos anos 80 at\u00e9 os dias de hoje passando por diferentes fases de seu percurso, do figurativo ao abstrato, a cria\u00e7\u00e3o com materiais reciclados. No dia 21 de setembro, quarta-feira, estreia [&hellip;]","protected":false},"author":1,"featured_media":0,"comment_status":"","ping_status":"","sticky":false,"template":"","format":"standard","meta":{"footnotes":""},"tags":[],"class_list":["post-527","post","type-post","status-publish","format-standard","hentry"],"_links":{"self":[{"href":"https:\/\/consbelohorizonte.esteri.it\/pt\/wp-json\/wp\/v2\/posts\/527","targetHints":{"allow":["GET"]}}],"collection":[{"href":"https:\/\/consbelohorizonte.esteri.it\/pt\/wp-json\/wp\/v2\/posts"}],"about":[{"href":"https:\/\/consbelohorizonte.esteri.it\/pt\/wp-json\/wp\/v2\/types\/post"}],"author":[{"embeddable":true,"href":"https:\/\/consbelohorizonte.esteri.it\/pt\/wp-json\/wp\/v2\/users\/1"}],"replies":[{"embeddable":true,"href":"https:\/\/consbelohorizonte.esteri.it\/pt\/wp-json\/wp\/v2\/comments?post=527"}],"version-history":[{"count":0,"href":"https:\/\/consbelohorizonte.esteri.it\/pt\/wp-json\/wp\/v2\/posts\/527\/revisions"}],"wp:attachment":[{"href":"https:\/\/consbelohorizonte.esteri.it\/pt\/wp-json\/wp\/v2\/media?parent=527"}],"wp:term":[{"taxonomy":"post_tag","embeddable":true,"href":"https:\/\/consbelohorizonte.esteri.it\/pt\/wp-json\/wp\/v2\/tags?post=527"}],"curies":[{"name":"wp","href":"https:\/\/api.w.org\/{rel}","templated":true}]}}