{"id":5263,"date":"2025-08-11T12:53:06","date_gmt":"2025-08-11T15:53:06","guid":{"rendered":"https:\/\/consbelohorizonte.esteri.it\/?p=5263"},"modified":"2025-08-14T10:53:07","modified_gmt":"2025-08-14T13:53:07","slug":"o-consulado-geral-da-italia-em-belo-horizonte-leva-carlo-bernardini-a-festa-da-luz-2025","status":"publish","type":"post","link":"https:\/\/consbelohorizonte.esteri.it\/pt\/news\/dal_consolato\/2025\/08\/o-consulado-geral-da-italia-em-belo-horizonte-leva-carlo-bernardini-a-festa-da-luz-2025\/","title":{"rendered":"O Consulado-Geral da It\u00e1lia em Belo Horizonte leva Carlo Bernardini \u00e0 Festa da Luz 2025"},"content":{"rendered":"<p>O Consulado Geral da It\u00e1lia em Belo Horizonte tem a satisfa\u00e7\u00e3o de anunciar sua participa\u00e7\u00e3o na edi\u00e7\u00e3o 2025 da Festa da Luz, a ser realizada de 14 a 17 de agosto, na capital mineira. Neste ano, o Consulado apoia oficialmente o evento por meio da participa\u00e7\u00e3o do artista italiano Carlo Bernardini, reconhecido internacionalmente por suas instala\u00e7\u00f5es luminosas que exploram os limites entre arte, espa\u00e7o e percep\u00e7\u00e3o.<\/p>\n<p>A obra in\u00e9dita de Bernardini, intitulada &#8220;Infinito Refletido&#8221;, ser\u00e1 apresentada no Museu de Artes e Of\u00edcios e integrar\u00e1 a programa\u00e7\u00e3o oficial do festival. A instala\u00e7\u00e3o, concebida especialmente para o espa\u00e7o, usa a fibra \u00f3ptica\u00a0 para criar uma estrutura de luz que desafia a gravidade e convida o espectador a uma experi\u00eancia est\u00e9tica de suspens\u00e3o e imaterialidade.<\/p>\n<p>A presen\u00e7a de Carlo Bernardini em Belo Horizonte reafirma o compromisso do Consulado com a promo\u00e7\u00e3o da cultura italiana e com o fortalecimento do interc\u00e2mbio art\u00edstico entre a It\u00e1lia e o Brasil, em particular com o estado de Minas Gerais. Trata-se de uma oportunidade singular de apresentar ao p\u00fablico brasileiro um representante da vanguarda art\u00edstica italiana contempor\u00e2nea, cuja obra dialoga diretamente com os valores de inova\u00e7\u00e3o, criatividade e experimenta\u00e7\u00e3o que marcam a cena cultural atual.<\/p>\n<p>A Festa da Luz 2025 contar\u00e1 com 13 instala\u00e7\u00f5es in\u00e9ditas, al\u00e9m de proje\u00e7\u00f5es, m\u00fasica, performances e interven\u00e7\u00f5es art\u00edsticas em diferentes pontos do centro da cidade. \u00c9 uma realiza\u00e7\u00e3o da Casinha, H\u00edbrido, P\u00fablica, Governo de Minas e Governo Federal, com patroc\u00ednio exclusivo da CEMIG, por meio da Lei Federal de Incentivo \u00e0 Cultura (Rouanet) e Lei Estadual de Incentivo \u00e0 Cultura (Descentra Cultura).<\/p>\n","protected":false},"excerpt":{"rendered":"O Consulado Geral da It\u00e1lia em Belo Horizonte tem a satisfa\u00e7\u00e3o de anunciar sua participa\u00e7\u00e3o na edi\u00e7\u00e3o 2025 da Festa da Luz, a ser realizada de 14 a 17 de agosto, na capital mineira. Neste ano, o Consulado apoia oficialmente o evento por meio da participa\u00e7\u00e3o do artista italiano Carlo Bernardini, reconhecido internacionalmente por suas [&hellip;]","protected":false},"author":20,"featured_media":5270,"comment_status":"closed","ping_status":"closed","sticky":false,"template":"","format":"standard","meta":{"footnotes":""},"tags":[],"class_list":["post-5263","post","type-post","status-publish","format-standard","has-post-thumbnail","hentry"],"_links":{"self":[{"href":"https:\/\/consbelohorizonte.esteri.it\/pt\/wp-json\/wp\/v2\/posts\/5263","targetHints":{"allow":["GET"]}}],"collection":[{"href":"https:\/\/consbelohorizonte.esteri.it\/pt\/wp-json\/wp\/v2\/posts"}],"about":[{"href":"https:\/\/consbelohorizonte.esteri.it\/pt\/wp-json\/wp\/v2\/types\/post"}],"author":[{"embeddable":true,"href":"https:\/\/consbelohorizonte.esteri.it\/pt\/wp-json\/wp\/v2\/users\/20"}],"replies":[{"embeddable":true,"href":"https:\/\/consbelohorizonte.esteri.it\/pt\/wp-json\/wp\/v2\/comments?post=5263"}],"version-history":[{"count":3,"href":"https:\/\/consbelohorizonte.esteri.it\/pt\/wp-json\/wp\/v2\/posts\/5263\/revisions"}],"predecessor-version":[{"id":5316,"href":"https:\/\/consbelohorizonte.esteri.it\/pt\/wp-json\/wp\/v2\/posts\/5263\/revisions\/5316"}],"wp:featuredmedia":[{"embeddable":true,"href":"https:\/\/consbelohorizonte.esteri.it\/pt\/wp-json\/wp\/v2\/media\/5270"}],"wp:attachment":[{"href":"https:\/\/consbelohorizonte.esteri.it\/pt\/wp-json\/wp\/v2\/media?parent=5263"}],"wp:term":[{"taxonomy":"post_tag","embeddable":true,"href":"https:\/\/consbelohorizonte.esteri.it\/pt\/wp-json\/wp\/v2\/tags?post=5263"}],"curies":[{"name":"wp","href":"https:\/\/api.w.org\/{rel}","templated":true}]}}