{"id":525,"date":"2022-09-23T15:57:12","date_gmt":"2022-09-23T13:57:12","guid":{"rendered":"https:\/\/consbelohorizonte.esteri.it\/news\/dal_consolato\/2022\/09\/pietro-roffi-i-suoni-dell-emozione-2\/"},"modified":"2022-09-23T15:57:12","modified_gmt":"2022-09-23T13:57:12","slug":"pietro-roffi-i-suoni-dell-emozione-2","status":"publish","type":"post","link":"https:\/\/consbelohorizonte.esteri.it\/pt\/news\/dal_consolato\/2022\/09\/pietro-roffi-i-suoni-dell-emozione-2\/","title":{"rendered":"\u201cPietro Roffi: os sons da emo\u00e7\u00e3o, Astor Piazzolla\u201d &#8211;  Show gratuito ao vivo no CCBB &#8211; 28\/09\/2022 \u00e0s20h00"},"content":{"rendered":"<p style=\"text-align: center;\"><em>CCBB BH recebe a sonoridade do acordeonista italiano Pietro Roffi<\/em><\/p>\n<p style=\"text-align: center;\"><em>Apresenta\u00e7\u00e3o conta com participa\u00e7\u00e3o do quinteto de cordas mineiro \u201cFam\u00edlia Barros\u201d.<\/em><\/p>\n<p style=\"text-align: center;\"><em>O concerto \u00e9 apresentado pelo Consulado da It\u00e1lia em Belo Horizonte e pelo Instituto Italiano de Cultura do Rio de Janeiro, com apoio do Instituto Cervantes de Belo Horizonte.<\/em><\/p>\n<p style=\"text-align: justify;\"><strong>\u201cPietro Roffi: os sons da emo\u00e7\u00e3o, Astor Piazzolla\u201d<\/strong> \u00e9 o nome do concerto que o renomado acordeonista italiano apresenta no Teatro I do Centro Cultural Banco do Brasil Belo Horizonte (CCBB BH) no dia 28\/09, quarta-feira, \u00e0s 20h. No palco tamb\u00e9m estar\u00e1 o quinteto de cordas mineiro Fam\u00edlia Barros. A entrada \u00e9 gratuita, com retirada de ingressos a partir das 10h deste s\u00e1bado, 24, em bb.com.br\/cultura ou na bilheteria f\u00edsica do CCBB. A apresenta\u00e7\u00e3o integra a programa\u00e7\u00e3o paralela da exposi\u00e7\u00e3o Umberto Nigi \u201cCor e forma: a poesia do equil\u00edbrio\u201d, em cartaz nas galerias do T\u00e9rreo at\u00e9 o dia 14\/11.<\/p>\n<p style=\"text-align: justify;\">Nascido em 1992, nos arredores de Roma, Pietro Roffi come\u00e7ou a tocar acord\u00e9on quando tinha apenas seis anos de idade. Ap\u00f3s graduar-se com honras no Conservat\u00f3rio Santa Cec\u00edlia, o m\u00fasico desenvolveu um estilo musical pr\u00f3prio, utilizando um instrumento considerado popular na It\u00e1lia para tocar desde m\u00fasica cl\u00e1ssica at\u00e9 tango.<\/p>\n<p style=\"text-align: justify;\">Sua estreia como solista ocorreu no Auditorium Parco della Musica, em Roma, sob a dire\u00e7\u00e3o de Carlo Rizzari. Na ocasi\u00e3o, Roffi tocou uma Serenata escrita pelo vencedor do Oscar, Dario Marianelli, em celebra\u00e7\u00e3o ao 90\u00ba anivers\u00e1rio do renomado compositor, arranjador e maestro italiano Ennio Morricone.<\/p>\n<p style=\"text-align: justify;\">Ao longo dos anos, o m\u00fasico j\u00e1 se apresentou como solista em diversas e prestigiadas salas de concertos, como o Die Glocke, na Alemanha, e a Royal Academy of Music, em Londres. Tamb\u00e9m j\u00e1 se aventurou no mundo cinematogr\u00e1fico, participando da grava\u00e7\u00e3o da trilha-sonora do filme &#8220;Nome di Donna&#8221;, de Marco Tullio Giordana, e da vers\u00e3o italiana de Pin\u00f3quio, dirigida por Matteo Garrone.<\/p>\n<p style=\"text-align: justify;\">O repert\u00f3rio do concerto inclui composi\u00e7\u00f5es pr\u00f3prias de Roffi, assim como os maiores sucessos de Astor Piazzolla, filho de imigrantes italianos e figura consagrada da m\u00fasica argentina do s\u00e9culo XX. Entre as composi\u00e7\u00f5es autorais apresentadas ao p\u00fablico est\u00e1 Est Ovest, a primeira de Roffi, que narra a hist\u00f3ria de uma viagem de carro da costa leste italiana, banhada pelo mar Adri\u00e1tico, at\u00e9 a costa oeste, banhada pelo mar Tirreno. Uma viagem cheia de simplicidade e surpresas.<\/p>\n<p style=\"text-align: justify;\">Dentre as composi\u00e7\u00f5es de Piazzolla, integram o concerto Las Cuatro Estaciones Porte\u00f1as, um conjunto de quatro composi\u00e7\u00f5es de tango escritas pelo m\u00fasico argentino, e Adeus Nonino, considerada como uma das melhores e mais representativas obras do autor. Este tango foi composto em outubro de 1959, dias depois da morte de seu pai, Vicente Piazzolla, a quem seu filho costumava chamar de Nonino (\u201cavozinho\u201d em italiano).<\/p>\n<p style=\"text-align: justify;\">Fam\u00edlia Barros<\/p>\n<p style=\"text-align: justify;\">Junta-se a Roffi, no palco do CCBB BH, o premiado quinteto \u201cFam\u00edlia Barros\u201d, que traz em sua bagagem grande experi\u00eancia em orquestras nacionais, como a Filarm\u00f4nica de Minas Gerais e a OSESP (Orquestra Sinf\u00f4nica do Estado de S\u00e3o Paulo). O quinteto j\u00e1 se apresentou com grandes artistas brasileiros, como Caetano Veloso, Guilherme Arantes, Skank e L\u00f4 Borges, e tamb\u00e9m com artistas internacionais, dentre eles Frank Sinatra Jr., Pinchas Zukerman e Augustin Hadelich.<\/p>\n<p style=\"text-align: justify;\">A forma\u00e7\u00e3o em quinteto de cordas conta com os seguintes membros da \u201cFam\u00edlia Barros\u201d: Elias Martins de Barros (violino), Eliseu Martins de Barros (violino), William Branham Martins de Barros (viola), Lucas Martins de Barros Santos (violoncelo) e Thiago Henrique dos Santos (contrabaixo).<\/p>\n<p><span style=\"text-decoration: underline;\"><strong>Servi\u00e7o<\/strong><\/span><\/p>\n<p><strong>Data do Concerto<\/strong>: Quarta-feira, 28\/09\/2022<\/p>\n<p><strong>Local<\/strong>: Teatro I do CCBB<\/p>\n<p><strong>Hor\u00e1rio<\/strong>: 20h<\/p>\n<p>Entrada gratuita, com retirada de ingressos a partir das 10h de s\u00e1bado, 24\/9, em bb.com.br\/cultura ou na bilheteria f\u00edsica do CCBB.<\/p>\n<p>Fotos: <a href=\"https:\/\/www.pietroroffi.com\/press-kit\">https:\/\/www.pietroroffi.com\/press-kit<\/a><\/p>\n<p>V\u00eddeos: <a href=\"https:\/\/www.pietroroffi.com\/gallery\">https:\/\/www.pietroroffi.com\/gallery<\/a><\/p>\n<p>Mais informa\u00e7\u00f5es sobre o show: bb.com.br\/cultura I (31) 3431-9400 I Redes sociais CCBB: (Instagram) @ccbbbh @ItalyinBH\/ (twitter) @ccbb_bh \/ (Facebook) ccbb.bh.<\/p>\n<p>Assessoria de imprensa do CCBB Belo Horizonte<\/p>\n<p>Denise Dal\u00e2nides &#8211; ccbbbh@bb.com.br \/ 31 3431-9450<\/p>\n","protected":false},"excerpt":{"rendered":"CCBB BH recebe a sonoridade do acordeonista italiano Pietro Roffi Apresenta\u00e7\u00e3o conta com participa\u00e7\u00e3o do quinteto de cordas mineiro \u201cFam\u00edlia Barros\u201d. O concerto \u00e9 apresentado pelo Consulado da It\u00e1lia em Belo Horizonte e pelo Instituto Italiano de Cultura do Rio de Janeiro, com apoio do Instituto Cervantes de Belo Horizonte. \u201cPietro Roffi: os sons da [&hellip;]","protected":false},"author":1,"featured_media":0,"comment_status":"","ping_status":"","sticky":false,"template":"","format":"standard","meta":{"footnotes":""},"tags":[],"class_list":["post-525","post","type-post","status-publish","format-standard","hentry"],"_links":{"self":[{"href":"https:\/\/consbelohorizonte.esteri.it\/pt\/wp-json\/wp\/v2\/posts\/525","targetHints":{"allow":["GET"]}}],"collection":[{"href":"https:\/\/consbelohorizonte.esteri.it\/pt\/wp-json\/wp\/v2\/posts"}],"about":[{"href":"https:\/\/consbelohorizonte.esteri.it\/pt\/wp-json\/wp\/v2\/types\/post"}],"author":[{"embeddable":true,"href":"https:\/\/consbelohorizonte.esteri.it\/pt\/wp-json\/wp\/v2\/users\/1"}],"replies":[{"embeddable":true,"href":"https:\/\/consbelohorizonte.esteri.it\/pt\/wp-json\/wp\/v2\/comments?post=525"}],"version-history":[{"count":0,"href":"https:\/\/consbelohorizonte.esteri.it\/pt\/wp-json\/wp\/v2\/posts\/525\/revisions"}],"wp:attachment":[{"href":"https:\/\/consbelohorizonte.esteri.it\/pt\/wp-json\/wp\/v2\/media?parent=525"}],"wp:term":[{"taxonomy":"post_tag","embeddable":true,"href":"https:\/\/consbelohorizonte.esteri.it\/pt\/wp-json\/wp\/v2\/tags?post=525"}],"curies":[{"name":"wp","href":"https:\/\/api.w.org\/{rel}","templated":true}]}}