{"id":523,"date":"2022-10-06T16:07:39","date_gmt":"2022-10-06T14:07:39","guid":{"rendered":"https:\/\/consbelohorizonte.esteri.it\/news\/dal_consolato\/2022\/10\/giornata-del-contemporaneo-al-ccbb-2\/"},"modified":"2022-10-06T16:07:39","modified_gmt":"2022-10-06T14:07:39","slug":"giornata-del-contemporaneo-al-ccbb-2","status":"publish","type":"post","link":"https:\/\/consbelohorizonte.esteri.it\/pt\/news\/dal_consolato\/2022\/10\/giornata-del-contemporaneo-al-ccbb-2\/","title":{"rendered":"Dia da Arte Contempor\u00e2nea no CCBB BH"},"content":{"rendered":"<p style=\"text-align: justify;\">Est\u00e1 chegando o Dia da Arte Contempor\u00e2nea (<em>Giornata del Contemporaneo<\/em>), uma iniciativa da AMACI &#8211; Associa\u00e7\u00e3o dos Museus de Arte Contempor\u00e2nea Italianos @amaci_musei e promovida no exterior pelo Ministerio das Rela\u00e7\u00f5es Exteriores da It\u00e1lia.<\/p>\n<p style=\"text-align: justify;\">O tema deste ano \u00e9 ecologia e sustentabilidade e instiga o p\u00fablico a refletir e repensar o sistema da arte atual sob o vi\u00e9s ambiental, enfatizando a import\u00e2ncia de incentivar as novas gera\u00e7\u00f5es a constru\u00edrem um futuro melhor frente \u00e0s urg\u00eancias globais.<\/p>\n<p style=\"text-align: justify;\">\u201cDespertando Cor e Forma\u201d s\u00e3o quatro oficinas ministradas pelo artista italiano Umberto Nigi e voltadas para o p\u00fablico de 5 a 13 anos relacionadas \u00e0 exposi\u00e7\u00e3o do artista atualmente em cartaz nas galerias do Centro Cultural do Banco do Brasil em Belo Horizonte. As oficinas s\u00e3o um convite \u00e0s crian\u00e7as para conhecerem as possibilidades de utiliza\u00e7\u00e3o de material reciclado em cria\u00e7\u00f5es art\u00edsticas. Com dura\u00e7\u00e3o de 60 minutos, tem entrada gratuita, com ingressos retirados na bilheteria f\u00edsica do CCBB uma hora antes do evento. A a\u00e7\u00e3o \u00e9 uma parceria do CCBB BH com o Consulado da It\u00e1lia em Belo Horizonte.<\/p>\n<ul>\n<li style=\"text-align: justify;\">08 e 10\/10, \u00e0s 11h e 15h &#8211; 12 vagas por hor\u00e1rio<\/li>\n<li style=\"text-align: justify;\">Classifica\u00e7\u00e3o indicativa: 5 a 13 anos<\/li>\n<li style=\"text-align: justify;\">Os ingressos dever\u00e3o ser retirados 1 hora antes da atividade, na nossa bilheteria f\u00edsica<\/li>\n<\/ul>\n","protected":false},"excerpt":{"rendered":"Est\u00e1 chegando o Dia da Arte Contempor\u00e2nea (Giornata del Contemporaneo), uma iniciativa da AMACI &#8211; Associa\u00e7\u00e3o dos Museus de Arte Contempor\u00e2nea Italianos @amaci_musei e promovida no exterior pelo Ministerio das Rela\u00e7\u00f5es Exteriores da It\u00e1lia. O tema deste ano \u00e9 ecologia e sustentabilidade e instiga o p\u00fablico a refletir e repensar o sistema da arte atual [&hellip;]","protected":false},"author":1,"featured_media":0,"comment_status":"","ping_status":"","sticky":false,"template":"","format":"standard","meta":{"footnotes":""},"tags":[],"class_list":["post-523","post","type-post","status-publish","format-standard","hentry"],"_links":{"self":[{"href":"https:\/\/consbelohorizonte.esteri.it\/pt\/wp-json\/wp\/v2\/posts\/523","targetHints":{"allow":["GET"]}}],"collection":[{"href":"https:\/\/consbelohorizonte.esteri.it\/pt\/wp-json\/wp\/v2\/posts"}],"about":[{"href":"https:\/\/consbelohorizonte.esteri.it\/pt\/wp-json\/wp\/v2\/types\/post"}],"author":[{"embeddable":true,"href":"https:\/\/consbelohorizonte.esteri.it\/pt\/wp-json\/wp\/v2\/users\/1"}],"replies":[{"embeddable":true,"href":"https:\/\/consbelohorizonte.esteri.it\/pt\/wp-json\/wp\/v2\/comments?post=523"}],"version-history":[{"count":0,"href":"https:\/\/consbelohorizonte.esteri.it\/pt\/wp-json\/wp\/v2\/posts\/523\/revisions"}],"wp:attachment":[{"href":"https:\/\/consbelohorizonte.esteri.it\/pt\/wp-json\/wp\/v2\/media?parent=523"}],"wp:term":[{"taxonomy":"post_tag","embeddable":true,"href":"https:\/\/consbelohorizonte.esteri.it\/pt\/wp-json\/wp\/v2\/tags?post=523"}],"curies":[{"name":"wp","href":"https:\/\/api.w.org\/{rel}","templated":true}]}}