{"id":521,"date":"2022-10-07T17:50:34","date_gmt":"2022-10-07T15:50:34","guid":{"rendered":"https:\/\/consbelohorizonte.esteri.it\/news\/dal_consolato\/2022\/10\/la-xxii-settimana-della-lingua-2\/"},"modified":"2022-10-07T17:50:34","modified_gmt":"2022-10-07T15:50:34","slug":"la-xxii-settimana-della-lingua-2","status":"publish","type":"post","link":"https:\/\/consbelohorizonte.esteri.it\/pt\/news\/dal_consolato\/2022\/10\/la-xxii-settimana-della-lingua-2\/","title":{"rendered":"XXII Semana da L\u00edngua Italiana no Mundo &#8211; De 17 a 22 de outubro de 2022"},"content":{"rendered":"<p style=\"text-align: center;\"><em>A Semana da L\u00edngua Italiana no Mundo \u00e9 o evento para promover o italiano como uma grande l\u00edngua da cultura cl\u00e1ssica e contempor\u00e2nea, que a rede cultural e diplom\u00e1tica do Minist\u00e9rio das Rela\u00e7\u00f5es Exteriores e Coopera\u00e7\u00e3o Internacional da It\u00e1lia organiza todos os anos, em outubro, em torno de um tema que se declina atrav\u00e9s da cria\u00e7\u00e3o de confer\u00eancias, exposi\u00e7\u00f5es e espet\u00e1culos, encontros com escritores e personalidades.<\/em><\/p>\n<p style=\"text-align: center;\"><em>Nascida em 2001 a partir de um acordo entre o Minist\u00e9rio das Rela\u00e7\u00f5es Exteriores e Coopera\u00e7\u00e3o Internacional da It\u00e1lia e a Accademia della Crusca, sob o patroc\u00ednio do Presidente da Rep\u00fablica, a Semana se desenvolveu de edi\u00e7\u00e3o em edi\u00e7\u00e3o, envolvendo, al\u00e9m dos Institutos Italianos de Cultura, Embaixadas e Consulados.<\/em><\/p>\n<p style=\"text-align: center;\"><em>A XXII edi\u00e7\u00e3o da Semana da L\u00edngua Italiana no Mundo, que acontece de 17 a 23 de outubro de 2022, tem como tema \u201cO italiano e os jovens. Come scusa? Non ti followo\u201d.<\/em><\/p>\n<p style=\"text-align: justify;\">A XXII Semana da L\u00edngua Italiana come\u00e7a em Belo Horizonte com o evento inaugural no dia 17 de outubro no Audit\u00f3rio da Faculdade de Letras da Universidade Federal de Minas Gerais &#8211; UFMG. Os palestrantes ser\u00e3o a Profa. Raquel Vilela Parma do Centro de L\u00ednguas da Funda\u00e7\u00e3o Torino, o Prof. Sergio Della Guardia que apresenta um aplicativo que estimula a criatividade narrativa e ajuda a desenvolver o vocabul\u00e1rio por meio da tecnologia, o Prof. Carlos Antonio de Souza Perini, que prop\u00f5e uma nova metodologia de aprendizagem do italiano, com foco no estudo de verbos, preposi\u00e7\u00f5es e pronomes relativos. As conclus\u00f5es ser\u00e3o tiradas pela Profa. Suely Maria Coelho, Diretora da Faculdade de Letras. Para encerrar a manh\u00e3, \u00e0s 12h00, teremos a exibi\u00e7\u00e3o do filme \u201c(Im)Perfeitos Criminosos\u201d em italiano com legendas em portugu\u00eas.<\/p>\n<p style=\"text-align: justify;\">No mesmo dia \u00e0s 14h30, na Secretaria Municipal de Educa\u00e7\u00e3o, ser\u00e1 apresentado o filme de anima\u00e7\u00e3o &#8220;Yaya e Lennie &#8211; The Walking Liberty&#8221;, um hino \u00e0 natureza e \u00e0 liberdade em uma grande hist\u00f3ria de amizade que poder\u00e1 salvar o mundo. Ambas as sess\u00f5es de cinema ser\u00e3o comentadas pela leitora do Minist\u00e9rio das Rela\u00e7\u00f5es Exteriores Profa. Rosalba Principato.<\/p>\n<p style=\"text-align: justify;\">O Centro de L\u00ednguas da Funda\u00e7\u00e3o Torino, em colabora\u00e7\u00e3o com o Consulado, promove o concurso liter\u00e1rio &#8220;O italiano e os jovens: linguagem em movimento&#8221;, com o apoio da Editora Ornimi e da Escola Leonardo da Vinci. Neste <strong><a href=\"https:\/\/fundacaotorino-my.sharepoint.com\/:b:\/g\/personal\/centrodelinguas_fundacaotorino_com_br\/EdqZE76gaHlFhNm1EJFIxiIBviVNWNJsTV3slRDN8RAfCA?e=Rx1dBm\">link <\/a><\/strong>o edital do concurso. As inscri\u00e7\u00f5es permanecem abertas at\u00e9 o 22 de outubro de 2022 e os resultados ser\u00e3o divulgados no dia 31 de outubro nos canais oficiais e nas redes sociais do Centro de L\u00ednguas da Funda\u00e7\u00e3o Torino. O primeiro classificado ganha 1 bolsa de 2 (duas) semanas na escola Leonardo da Vinci em Floren\u00e7a, o segundo classificado um desconto de 70% para matr\u00edcula em qualquer um dos cursos oferecidos pelo Centro de Linguas da Funda\u00e7\u00e3o Torino com dura\u00e7\u00e3o de cinco meses e o terceiro classificado um voucher para a compra de 5 livros publicados pela Editora Ornimi.<\/p>\n<p style=\"text-align: justify;\">Crian\u00e7as e adolescentes da escola internacional Funda\u00e7\u00e3o Torino participam como protagonistas da Semana da Lingua Italiana: os alunos do \u00faltimo ano do infantil est\u00e3o criando um trabalho art\u00edstico inspirado na m\u00fasica do coral do Zecchino D&#8217;Oro &#8220;NG NEW GENERATION&#8221;, trabalhando em sala de aula nas palavras extrapoladas da m\u00fasica: paz, uni\u00e3o, amor e divers\u00e3o, para criar trabalhos que ser\u00e3o pendurados nas paredes das respectivas salas de aula.<\/p>\n<p style=\"text-align: justify;\">A escola prim\u00e1ria tem v\u00e1rios projetos em curso: a escrita e grava\u00e7\u00e3o de uma m\u00fasica, cujo t\u00edtulo ser\u00e1 &#8220;Tempo Rap&#8221;, um g\u00e9nero que as crian\u00e7as adoram particularmente por ter uma linguagem pr\u00f3pria partilhada pelos jovens, uma reda\u00e7\u00e3o com o estilo do whatsapp para estimular a reflex\u00e3o sobre as novas formas de linguagem digital, uma hist\u00f3ria em quadrinhos, para analisar a estrutura dos textos representados na forma de imagens com uma linguagem com g\u00edrias.<\/p>\n<p style=\"text-align: justify;\">A sexta s\u00e9rie est\u00e1 reelaborando o Hino Nacional Italiano usando palavras mais compreens\u00edveis para os jovens. A setima s\u00e9rie est\u00e1 imaginando uma conversa imagin\u00e1ria, usando meios digitais, entre Dante Alighieri, Ulisses e Minos. A oitava s\u00e9rie est\u00e1 reelaborando alguns poemas de Foscolo e Leopardi reinterpretados com uma linguagem mais moderna.<\/p>\n<p style=\"text-align: justify;\">Os dois colegios est\u00e3o realizando o projeto intitulado &#8220;<em>Lucia ti lovvo<\/em>!&#8221;, retrabalhando a turbulenta hist\u00f3ria de amor dos mais famosos amantes da literatura italiana, na linguagem juvenil por excel\u00eancia, ou seja, a digital utilizada no aplicativo de WhatsApp. O segundo projeto \u00e9 &#8220;<em>Daje, Mirandol\u00ec<\/em>&#8220;, um caminho de reflex\u00e3o sobre a l\u00edngua italiana da com\u00e9dia goldoniana ao italiano dos jovens de hoje que busca potencializar sua evolu\u00e7\u00e3o, do texto liter\u00e1rio goldoniano para outras \u00e1reas da comunica\u00e7\u00e3o de hoje, incluindo n\u00e3o liter\u00e1rios. A proposta \u00e9 adaptar a linguagem da com\u00e9dia &#8220;La Locandiera&#8221;, de Carlo Goldoni, para um italiano atual e mais pr\u00f3ximo das express\u00f5es comunicativas e g\u00edrias dos jovens. No final do ano letivo a pe\u00e7a ser\u00e1 apresentada \u00e0s fam\u00edlias.<\/p>\n<p style=\"text-align: justify;\">A Universidade Federal de Vi\u00e7osa &#8211; UFV oferece sess\u00f5es de cinema comentadas com os filmes\u00a0<em>&#8220;Amor e Sorvete&#8221; (17\/10),<\/em> &#8220;<em>Bem-vindos ao Sul<\/em>&#8221; (19\/10), &#8220;<em>Bem-vindos ao Norte&#8221; <\/em>(20\/10) e um aperitivo &#8220;Mangia che ti fa bene&#8221; no final de semana, como momento jovem e de conv\u00edvio em que se relaxar.<\/p>\n<p style=\"text-align: justify;\">Em S\u00e3o Jo\u00e3o del-Rei, cidade que tem a m\u00fasica como um de seus carros-chefe, decidiu-se criar o espet\u00e1culo musical &#8220;Comunque Andare&#8221;, titulo escolhido entre as composi\u00e7\u00f5es da jovem cantora italiana Alessandra Amoroso. O repert\u00f3rio apresentado ser\u00e1 composto por can\u00e7\u00f5es de jovens int\u00e9rpretes italianos, alguns desconhecidos do p\u00fablico brasileiro e outros t\u00e3o famosos quanto Maneskin. O encontro est\u00e1 marcado para sexta-feira, 21 de outubro, \u00e0s 20h00, no Audit\u00f3rio do Conservat\u00f3rio de S\u00e3o Jo\u00e3o Del-Rei e a entrada \u00e9 gratuita (300 lugares).<\/p>\n","protected":false},"excerpt":{"rendered":"A Semana da L\u00edngua Italiana no Mundo \u00e9 o evento para promover o italiano como uma grande l\u00edngua da cultura cl\u00e1ssica e contempor\u00e2nea, que a rede cultural e diplom\u00e1tica do Minist\u00e9rio das Rela\u00e7\u00f5es Exteriores e Coopera\u00e7\u00e3o Internacional da It\u00e1lia organiza todos os anos, em outubro, em torno de um tema que se declina atrav\u00e9s da [&hellip;]","protected":false},"author":1,"featured_media":0,"comment_status":"","ping_status":"","sticky":false,"template":"","format":"standard","meta":{"footnotes":""},"tags":[],"class_list":["post-521","post","type-post","status-publish","format-standard","hentry"],"_links":{"self":[{"href":"https:\/\/consbelohorizonte.esteri.it\/pt\/wp-json\/wp\/v2\/posts\/521","targetHints":{"allow":["GET"]}}],"collection":[{"href":"https:\/\/consbelohorizonte.esteri.it\/pt\/wp-json\/wp\/v2\/posts"}],"about":[{"href":"https:\/\/consbelohorizonte.esteri.it\/pt\/wp-json\/wp\/v2\/types\/post"}],"author":[{"embeddable":true,"href":"https:\/\/consbelohorizonte.esteri.it\/pt\/wp-json\/wp\/v2\/users\/1"}],"replies":[{"embeddable":true,"href":"https:\/\/consbelohorizonte.esteri.it\/pt\/wp-json\/wp\/v2\/comments?post=521"}],"version-history":[{"count":0,"href":"https:\/\/consbelohorizonte.esteri.it\/pt\/wp-json\/wp\/v2\/posts\/521\/revisions"}],"wp:attachment":[{"href":"https:\/\/consbelohorizonte.esteri.it\/pt\/wp-json\/wp\/v2\/media?parent=521"}],"wp:term":[{"taxonomy":"post_tag","embeddable":true,"href":"https:\/\/consbelohorizonte.esteri.it\/pt\/wp-json\/wp\/v2\/tags?post=521"}],"curies":[{"name":"wp","href":"https:\/\/api.w.org\/{rel}","templated":true}]}}