{"id":509,"date":"2022-11-17T18:10:26","date_gmt":"2022-11-17T17:10:26","guid":{"rendered":"https:\/\/consbelohorizonte.esteri.it\/news\/dal_consolato\/2022\/11\/si-informa-che-a-partire-da-oggi-2\/"},"modified":"2022-11-17T18:10:26","modified_gmt":"2022-11-17T17:10:26","slug":"si-informa-che-a-partire-da-oggi-2","status":"publish","type":"post","link":"https:\/\/consbelohorizonte.esteri.it\/pt\/news\/dal_consolato\/2022\/11\/si-informa-che-a-partire-da-oggi-2\/","title":{"rendered":"Suspens\u00e3o sistema de agendamento por videochamada (Whatsapp) &#8211; ATUALIZA\u00c7\u00d5ES"},"content":{"rendered":"<p>Informamos que a partir de hoje, 17 de novembro de 2022, o sistema de agendamento por videochamada (Whatsapp) foi desativado.<\/p>\n<p>A partir do dia 23\/11 para o agendamento do PASSAPORTE \u00e9 em funcionamento o sistema \u201cPRENOT@MI\u201d, disponivel no link: <a href=\"https:\/\/prenotami.esteri.it\">https:\/\/prenotami.esteri.it<\/a><\/p>\n<p>Para maiores informa\u00e7\u00f5es sobre os procedimentos para realizar o agendamento: <a href=\"pt\/i_servizi\/per_i_cittadini\/passaporti\/\">https:\/\/consbelohorizonte.esteri.it\/consolato_belohorizonte\/pt\/i_servizi\/per_i_cittadini\/passaporti\/<\/a><\/p>\n<p>\u00a0<\/p>\n","protected":false},"excerpt":{"rendered":"Informamos que a partir de hoje, 17 de novembro de 2022, o sistema de agendamento por videochamada (Whatsapp) foi desativado. A partir do dia 23\/11 para o agendamento do PASSAPORTE \u00e9 em funcionamento o sistema \u201cPRENOT@MI\u201d, disponivel no link: https:\/\/prenotami.esteri.it Para maiores informa\u00e7\u00f5es sobre os procedimentos para realizar o agendamento: https:\/\/consbelohorizonte.esteri.it\/consolato_belohorizonte\/pt\/i_servizi\/per_i_cittadini\/passaporti\/ \u00a0","protected":false},"author":1,"featured_media":0,"comment_status":"","ping_status":"","sticky":false,"template":"","format":"standard","meta":{"footnotes":""},"tags":[],"class_list":["post-509","post","type-post","status-publish","format-standard","hentry"],"_links":{"self":[{"href":"https:\/\/consbelohorizonte.esteri.it\/pt\/wp-json\/wp\/v2\/posts\/509","targetHints":{"allow":["GET"]}}],"collection":[{"href":"https:\/\/consbelohorizonte.esteri.it\/pt\/wp-json\/wp\/v2\/posts"}],"about":[{"href":"https:\/\/consbelohorizonte.esteri.it\/pt\/wp-json\/wp\/v2\/types\/post"}],"author":[{"embeddable":true,"href":"https:\/\/consbelohorizonte.esteri.it\/pt\/wp-json\/wp\/v2\/users\/1"}],"replies":[{"embeddable":true,"href":"https:\/\/consbelohorizonte.esteri.it\/pt\/wp-json\/wp\/v2\/comments?post=509"}],"version-history":[{"count":0,"href":"https:\/\/consbelohorizonte.esteri.it\/pt\/wp-json\/wp\/v2\/posts\/509\/revisions"}],"wp:attachment":[{"href":"https:\/\/consbelohorizonte.esteri.it\/pt\/wp-json\/wp\/v2\/media?parent=509"}],"wp:term":[{"taxonomy":"post_tag","embeddable":true,"href":"https:\/\/consbelohorizonte.esteri.it\/pt\/wp-json\/wp\/v2\/tags?post=509"}],"curies":[{"name":"wp","href":"https:\/\/api.w.org\/{rel}","templated":true}]}}