{"id":507,"date":"2022-11-23T18:49:05","date_gmt":"2022-11-23T21:49:05","guid":{"rendered":"https:\/\/consbelohorizonte.esteri.it\/news\/dal_consolato\/2022\/11\/inaugurazione-del-festival-del-2\/"},"modified":"2022-11-23T18:49:05","modified_gmt":"2022-11-23T17:49:05","slug":"inaugurazione-del-festival-del-2","status":"publish","type":"post","link":"https:\/\/consbelohorizonte.esteri.it\/pt\/news\/dal_consolato\/2022\/11\/inaugurazione-del-festival-del-2\/","title":{"rendered":"Abertura do Festival de Cinema Italiano &#8211; Hoje \u00e1s 18:30 no Cine Humberto Mauro"},"content":{"rendered":"<p style=\"text-align: justify;\">Come\u00e7a hoje em Belo Horizonte o Festival de Cinema Italiano, uma iniciativa da Embaixada da It\u00e1lia em Brasilia, da rede consular italiana no Brasil e da C\u00e2mara de Com\u00e9rcio Italiana de S\u00e3o Paulo. A mostra ocupa, em Belo Horizonte, o Cine Humberto Mauro e o Centro Cultural Unimed-BH Minas em parceria in\u00e9dita entre os dois cinemas do @circuitoliberdade.<\/p>\n<p style=\"text-align: justify;\">O festival exibir\u00e1, ao todo, 16 filmes em 38 sess\u00f5es entre in\u00e9ditos e a retrospectiva Musas do Cinema Italiano.<\/p>\n<p style=\"text-align: justify;\">Na programa\u00e7\u00e3o, o destaque fica para o longa \u201cNostalgia\u201d (2022), de Mario Martone, que teve estreia mundial na competi\u00e7\u00e3o oficial do Festival de Cannes e \u00e9 o filme escolhido para representar a It\u00e1lia na corrida ao Oscar 2023.<\/p>\n<p style=\"text-align: justify;\">J\u00e1 a curadoria de cl\u00e1ssicos homenageia grandes atrizes do cinema italiano, como \u201cP\u00e3o, amor e fantasia\u201d (1953), com Gina Lollobrigida; \u201cA bela moleira\u201d (1955), com Sophia Loren; e \u201cCi\u00fame \u00e0 italiana\u201d (1970), com Monica Vitti, entre outros.<\/p>\n<p style=\"text-align: justify;\">A programa\u00e7\u00e3o fica disponivel neste <a href=\"http:\/\/consbelohorizonte.esteri.it\/consolato_belohorizonte\/resource\/doc\/2022\/11\/programao_-_festival_do_cinema_italiano___chm_e_minas.docx_2.pdf\"><strong>link<\/strong><\/a>.<\/p>\n<p style=\"text-align: justify;\">A abertura acontece \u00e0s 18h30 do dia 23, com o coquetel e a exibi\u00e7\u00e3o de \u201cA mo\u00e7a com a valise\u201d (1961), em sess\u00e3o da mostra Hist\u00f3ria Permanente do Cinema com a presen\u00e7a do programador\/curador das salas de Cinema do Centro Cultural Unimed BH Minas Samuel Marotta e do gerente do Cine Humberto Mauro Vitor Miranda. N\u00e3o perca!<\/p>\n","protected":false},"excerpt":{"rendered":"Come\u00e7a hoje em Belo Horizonte o Festival de Cinema Italiano, uma iniciativa da Embaixada da It\u00e1lia em Brasilia, da rede consular italiana no Brasil e da C\u00e2mara de Com\u00e9rcio Italiana de S\u00e3o Paulo. A mostra ocupa, em Belo Horizonte, o Cine Humberto Mauro e o Centro Cultural Unimed-BH Minas em parceria in\u00e9dita entre os dois [&hellip;]","protected":false},"author":1,"featured_media":0,"comment_status":"closed","ping_status":"closed","sticky":false,"template":"","format":"standard","meta":{"footnotes":""},"tags":[],"class_list":["post-507","post","type-post","status-publish","format-standard","hentry"],"_links":{"self":[{"href":"https:\/\/consbelohorizonte.esteri.it\/pt\/wp-json\/wp\/v2\/posts\/507","targetHints":{"allow":["GET"]}}],"collection":[{"href":"https:\/\/consbelohorizonte.esteri.it\/pt\/wp-json\/wp\/v2\/posts"}],"about":[{"href":"https:\/\/consbelohorizonte.esteri.it\/pt\/wp-json\/wp\/v2\/types\/post"}],"author":[{"embeddable":true,"href":"https:\/\/consbelohorizonte.esteri.it\/pt\/wp-json\/wp\/v2\/users\/1"}],"replies":[{"embeddable":true,"href":"https:\/\/consbelohorizonte.esteri.it\/pt\/wp-json\/wp\/v2\/comments?post=507"}],"version-history":[{"count":0,"href":"https:\/\/consbelohorizonte.esteri.it\/pt\/wp-json\/wp\/v2\/posts\/507\/revisions"}],"wp:attachment":[{"href":"https:\/\/consbelohorizonte.esteri.it\/pt\/wp-json\/wp\/v2\/media?parent=507"}],"wp:term":[{"taxonomy":"post_tag","embeddable":true,"href":"https:\/\/consbelohorizonte.esteri.it\/pt\/wp-json\/wp\/v2\/tags?post=507"}],"curies":[{"name":"wp","href":"https:\/\/api.w.org\/{rel}","templated":true}]}}