{"id":505,"date":"2023-02-17T15:39:47","date_gmt":"2023-02-17T14:39:47","guid":{"rendered":"https:\/\/consbelohorizonte.esteri.it\/news\/dal_consolato\/2023\/02\/invest-your-talent-in-italy-apertura_0-2\/"},"modified":"2023-02-17T15:39:47","modified_gmt":"2023-02-17T14:39:47","slug":"invest-your-talent-in-italy-apertura_0-2","status":"publish","type":"post","link":"https:\/\/consbelohorizonte.esteri.it\/pt\/news\/dal_consolato\/2023\/02\/invest-your-talent-in-italy-apertura_0-2\/","title":{"rendered":"&#8220;INVEST YOUR TALENT IN ITALY&#8221;: ABERTURA DO EDITAL DO PROGRAMA 2023\/2024"},"content":{"rendered":"<p>Informamos que foi aberta a convoca\u00e7\u00e3o para a atribui\u00e7\u00e3o das bolsas &#8220;Invest Your Talent in Italy&#8221; (IYT) para o ano acad\u00eamico 2023\/2024. Como nas edi\u00e7\u00f5es anteriores, as inscri\u00e7\u00f5es devem ser enviadas pelos alunos eletronicamente, acessando a plataforma dedicada: <a href=\"https:\/\/investyourtalentapplication.esteri.it\/sitoinvestyourtalentapplication\/progetto.asp\">https:\/\/investyourtalentapplication.esteri.it\/sitoinvestyourtalentapplication\/progetto.asp<\/a><\/p>\n<p>O prazo para poder se inscrever foi fixado em 3 de mar\u00e7o de 2023.<\/p>\n<p>Tamb\u00e9m informamos que as Universidades de Brescia, Tuscia, Modena e Reggio Emilia, P\u00e1dua, Parma e Pisa se manifestaram dispostas a financiar bolsas de estudos para os candidatos aprovados que optaram por se matricular nas mencionadas universidades participantes do programa.<\/p>\n<p>As informa\u00e7\u00f5es relativas ao Programa e \u00e0 edi\u00e7\u00e3o atual est\u00e3o dispon\u00edveis no site do Ministerio das Rela\u00e7\u00f5es Exteriores no seguinte link:<\/p>\n<p><a href=\"https:\/\/postgradinitaly.esteri.it\/postgradinitaly\/en\/what-s-iyt\">https:\/\/postgradinitaly.esteri.it\/postgradinitaly\/en\/what-s-iyt<\/a><\/p>\n<p>\u00a0<\/p>\n","protected":false},"excerpt":{"rendered":"Informamos que foi aberta a convoca\u00e7\u00e3o para a atribui\u00e7\u00e3o das bolsas &#8220;Invest Your Talent in Italy&#8221; (IYT) para o ano acad\u00eamico 2023\/2024. Como nas edi\u00e7\u00f5es anteriores, as inscri\u00e7\u00f5es devem ser enviadas pelos alunos eletronicamente, acessando a plataforma dedicada: https:\/\/investyourtalentapplication.esteri.it\/sitoinvestyourtalentapplication\/progetto.asp O prazo para poder se inscrever foi fixado em 3 de mar\u00e7o de 2023. Tamb\u00e9m informamos [&hellip;]","protected":false},"author":1,"featured_media":0,"comment_status":"","ping_status":"","sticky":false,"template":"","format":"standard","meta":{"footnotes":""},"tags":[],"class_list":["post-505","post","type-post","status-publish","format-standard","hentry"],"_links":{"self":[{"href":"https:\/\/consbelohorizonte.esteri.it\/pt\/wp-json\/wp\/v2\/posts\/505","targetHints":{"allow":["GET"]}}],"collection":[{"href":"https:\/\/consbelohorizonte.esteri.it\/pt\/wp-json\/wp\/v2\/posts"}],"about":[{"href":"https:\/\/consbelohorizonte.esteri.it\/pt\/wp-json\/wp\/v2\/types\/post"}],"author":[{"embeddable":true,"href":"https:\/\/consbelohorizonte.esteri.it\/pt\/wp-json\/wp\/v2\/users\/1"}],"replies":[{"embeddable":true,"href":"https:\/\/consbelohorizonte.esteri.it\/pt\/wp-json\/wp\/v2\/comments?post=505"}],"version-history":[{"count":0,"href":"https:\/\/consbelohorizonte.esteri.it\/pt\/wp-json\/wp\/v2\/posts\/505\/revisions"}],"wp:attachment":[{"href":"https:\/\/consbelohorizonte.esteri.it\/pt\/wp-json\/wp\/v2\/media?parent=505"}],"wp:term":[{"taxonomy":"post_tag","embeddable":true,"href":"https:\/\/consbelohorizonte.esteri.it\/pt\/wp-json\/wp\/v2\/tags?post=505"}],"curies":[{"name":"wp","href":"https:\/\/api.w.org\/{rel}","templated":true}]}}