{"id":503,"date":"2023-02-17T16:14:49","date_gmt":"2023-02-17T15:14:49","guid":{"rendered":"https:\/\/consbelohorizonte.esteri.it\/news\/dal_consolato\/2023\/02\/xxii-premio-internazionale-flaiano-2\/"},"modified":"2023-02-17T16:14:49","modified_gmt":"2023-02-17T15:14:49","slug":"xxii-premio-internazionale-flaiano-2","status":"publish","type":"post","link":"https:\/\/consbelohorizonte.esteri.it\/pt\/news\/dal_consolato\/2023\/02\/xxii-premio-internazionale-flaiano-2\/","title":{"rendered":"XXII PREMIO INTERNACIONAL FLAIANO &#8211; EDITAL"},"content":{"rendered":"<p>O Pr\u00eamio Internacional Flaiano de Estudos de Italiano, institu\u00eddo em 2002 e nomeado a partir de 2021 em homenagem ao Embaixador Luca Attanasio, chega \u00e0 sua XXII edi\u00e7\u00e3o, com a confirma\u00e7\u00e3o pelo segundo ano tamb\u00e9m da \u201csec\u00e7\u00e3o Juvenil at\u00e9 35 anos\u201d.<\/p>\n<p>Promovido e organizado no \u00e2mbito dos Pr\u00eamios Internacionais Flaiano pela Associa\u00e7\u00e3o Cultural Ennio Flaiano e pela Funda\u00e7\u00e3o Edoardo Tiboni, o Pr\u00eamio se consolidou progressivamente como um grande evento de valoriza\u00e7\u00e3o dos estudos de italiano.<\/p>\n<p>Desde a sua primeira edi\u00e7\u00e3o, o Pr\u00eamio obteve o patroc\u00ednio deste Minist\u00e9rio, contando tamb\u00e9m com a colabora\u00e7\u00e3o da Rede de Institutos Culturais Italianos, tanto na divulga\u00e7\u00e3o quanto na sinaliza\u00e7\u00e3o dos trabalhos mais merecedores.<\/p>\n<p>Para maiores informa\u00e7\u00f5es sobre como participar, \u00e9 poss\u00edvel fazer o download do <a href=\"http:\/\/consbelohorizonte.esteri.it\/consolato_belohorizonte\/resource\/resource\/2023\/02\/bando_italianistica_2023.pdf\">edital<\/a>.<\/p>\n","protected":false},"excerpt":{"rendered":"O Pr\u00eamio Internacional Flaiano de Estudos de Italiano, institu\u00eddo em 2002 e nomeado a partir de 2021 em homenagem ao Embaixador Luca Attanasio, chega \u00e0 sua XXII edi\u00e7\u00e3o, com a confirma\u00e7\u00e3o pelo segundo ano tamb\u00e9m da \u201csec\u00e7\u00e3o Juvenil at\u00e9 35 anos\u201d. Promovido e organizado no \u00e2mbito dos Pr\u00eamios Internacionais Flaiano pela Associa\u00e7\u00e3o Cultural Ennio Flaiano [&hellip;]","protected":false},"author":1,"featured_media":0,"comment_status":"","ping_status":"","sticky":false,"template":"","format":"standard","meta":{"footnotes":""},"tags":[],"class_list":["post-503","post","type-post","status-publish","format-standard","hentry"],"_links":{"self":[{"href":"https:\/\/consbelohorizonte.esteri.it\/pt\/wp-json\/wp\/v2\/posts\/503","targetHints":{"allow":["GET"]}}],"collection":[{"href":"https:\/\/consbelohorizonte.esteri.it\/pt\/wp-json\/wp\/v2\/posts"}],"about":[{"href":"https:\/\/consbelohorizonte.esteri.it\/pt\/wp-json\/wp\/v2\/types\/post"}],"author":[{"embeddable":true,"href":"https:\/\/consbelohorizonte.esteri.it\/pt\/wp-json\/wp\/v2\/users\/1"}],"replies":[{"embeddable":true,"href":"https:\/\/consbelohorizonte.esteri.it\/pt\/wp-json\/wp\/v2\/comments?post=503"}],"version-history":[{"count":0,"href":"https:\/\/consbelohorizonte.esteri.it\/pt\/wp-json\/wp\/v2\/posts\/503\/revisions"}],"wp:attachment":[{"href":"https:\/\/consbelohorizonte.esteri.it\/pt\/wp-json\/wp\/v2\/media?parent=503"}],"wp:term":[{"taxonomy":"post_tag","embeddable":true,"href":"https:\/\/consbelohorizonte.esteri.it\/pt\/wp-json\/wp\/v2\/tags?post=503"}],"curies":[{"name":"wp","href":"https:\/\/api.w.org\/{rel}","templated":true}]}}