{"id":501,"date":"2023-02-17T16:49:42","date_gmt":"2023-02-17T15:49:42","guid":{"rendered":"https:\/\/consbelohorizonte.esteri.it\/news\/dal_consolato\/2023\/02\/borse-di-studio-per-l-accademia-2\/"},"modified":"2023-02-17T16:49:42","modified_gmt":"2023-02-17T15:49:42","slug":"borse-di-studio-per-l-accademia-2","status":"publish","type":"post","link":"https:\/\/consbelohorizonte.esteri.it\/pt\/news\/dal_consolato\/2023\/02\/borse-di-studio-per-l-accademia-2\/","title":{"rendered":"BOLSAS PARA A ACADEMIA DE ARTES E OF\u00cdCIOS DO TEATRO ALLA SCALA &#8211; CURSO AVAN\u00c7ADO DE CANTO DE \u00d3PERA"},"content":{"rendered":"<p>O Minist\u00e9rio das Rela\u00e7\u00f5es Exteriores mant\u00e9m h\u00e1 muitos anos uma rela\u00e7\u00e3o frut\u00edfera de colabora\u00e7\u00e3o com a &#8220;Accademia d&#8217;Arti e Mestieri dello Spettacolo Teatro alla Scala&#8221;, uma institui\u00e7\u00e3o de forma\u00e7\u00e3o nos setores de entretenimento de renome em escala global.<\/p>\n<p>Esta parceria inclue a atribui\u00e7\u00e3o &#8211; regulada por um acordo especial entre o MAECI e a Academia &#8211; de bolsas ministeriais a favor de estudantes internacionais para a frequ\u00eancia do &#8220;Curso Avan\u00e7ado de Canto L\u00edrico&#8221;.<\/p>\n<p>Para o bi\u00e9nio 2023-2025 s\u00e3o disponibilizadas at\u00e9 ao m\u00e1ximo de 10 bolsas, das quais se anexa o respetivo edital elaborado pela Academia. Estas bolsas ser\u00e3o atribu\u00eddas para o ano letivo 2023-2024 (de 1 de janeiro de 2024 a 30 de setembro de 2024) e, mediante verifica\u00e7\u00e3o dos requisitos exigidos, podem ser renovadas para o ano letivo seguinte 2024-2025 (em vigor de 1 de janeiro de 2025 a 30 de setembro de 2025). O valor mensal \u00e9 de \u20ac 900,00.<\/p>\n<p>Os bolsistas do curso de especializa\u00e7\u00e3o em canto l\u00edrico ter\u00e3o de subscrever autonomamente um seguro de saude e acidentes.<\/p>\n<p>O edital pode ser baixado em <a href=\"http:\/\/consbelohorizonte.esteri.it\/consolato_belohorizonte\/resource\/resource\/2023\/02\/corso_per_cantanti_lirici_2023.pdf\">italiano <\/a>e <a href=\"http:\/\/consbelohorizonte.esteri.it\/consolato_belohorizonte\/resource\/resource\/2023\/02\/course_for_opera_singers_2023.pdf\">ingl\u00eas<\/a>.<\/p>\n","protected":false},"excerpt":{"rendered":"O Minist\u00e9rio das Rela\u00e7\u00f5es Exteriores mant\u00e9m h\u00e1 muitos anos uma rela\u00e7\u00e3o frut\u00edfera de colabora\u00e7\u00e3o com a &#8220;Accademia d&#8217;Arti e Mestieri dello Spettacolo Teatro alla Scala&#8221;, uma institui\u00e7\u00e3o de forma\u00e7\u00e3o nos setores de entretenimento de renome em escala global. Esta parceria inclue a atribui\u00e7\u00e3o &#8211; regulada por um acordo especial entre o MAECI e a Academia [&hellip;]","protected":false},"author":1,"featured_media":0,"comment_status":"","ping_status":"","sticky":false,"template":"","format":"standard","meta":{"footnotes":""},"tags":[],"class_list":["post-501","post","type-post","status-publish","format-standard","hentry"],"_links":{"self":[{"href":"https:\/\/consbelohorizonte.esteri.it\/pt\/wp-json\/wp\/v2\/posts\/501","targetHints":{"allow":["GET"]}}],"collection":[{"href":"https:\/\/consbelohorizonte.esteri.it\/pt\/wp-json\/wp\/v2\/posts"}],"about":[{"href":"https:\/\/consbelohorizonte.esteri.it\/pt\/wp-json\/wp\/v2\/types\/post"}],"author":[{"embeddable":true,"href":"https:\/\/consbelohorizonte.esteri.it\/pt\/wp-json\/wp\/v2\/users\/1"}],"replies":[{"embeddable":true,"href":"https:\/\/consbelohorizonte.esteri.it\/pt\/wp-json\/wp\/v2\/comments?post=501"}],"version-history":[{"count":0,"href":"https:\/\/consbelohorizonte.esteri.it\/pt\/wp-json\/wp\/v2\/posts\/501\/revisions"}],"wp:attachment":[{"href":"https:\/\/consbelohorizonte.esteri.it\/pt\/wp-json\/wp\/v2\/media?parent=501"}],"wp:term":[{"taxonomy":"post_tag","embeddable":true,"href":"https:\/\/consbelohorizonte.esteri.it\/pt\/wp-json\/wp\/v2\/tags?post=501"}],"curies":[{"name":"wp","href":"https:\/\/api.w.org\/{rel}","templated":true}]}}