{"id":497,"date":"2023-03-07T20:40:12","date_gmt":"2023-03-07T23:40:12","guid":{"rendered":"https:\/\/consbelohorizonte.esteri.it\/news\/dal_consolato\/2023\/03\/italian-design-day-2023-2\/"},"modified":"2023-04-26T16:23:53","modified_gmt":"2023-04-26T14:23:53","slug":"italian-design-day-2023-2","status":"publish","type":"post","link":"https:\/\/consbelohorizonte.esteri.it\/pt\/news\/dal_consolato\/2023\/03\/italian-design-day-2023-2\/","title":{"rendered":"Italian Design Day 2023"},"content":{"rendered":"<p><img loading=\"lazy\" decoding=\"async\" class=\"alignnone size-medium wp-image-1469 img-fluid\" src=\"https:\/\/consbelohorizonte.esteri.it\/wp-content\/uploads\/2023\/03\/ancestralidade-design_kv-300x300.png\" alt=\"\" width=\"300\" height=\"300\" srcset=\"https:\/\/consbelohorizonte.esteri.it\/wp-content\/uploads\/2023\/03\/ancestralidade-design_kv-300x300.png 300w, https:\/\/consbelohorizonte.esteri.it\/wp-content\/uploads\/2023\/03\/ancestralidade-design_kv-1024x1024.png 1024w, https:\/\/consbelohorizonte.esteri.it\/wp-content\/uploads\/2023\/03\/ancestralidade-design_kv-150x150.png 150w, https:\/\/consbelohorizonte.esteri.it\/wp-content\/uploads\/2023\/03\/ancestralidade-design_kv-768x768.png 768w, https:\/\/consbelohorizonte.esteri.it\/wp-content\/uploads\/2023\/03\/ancestralidade-design_kv.png 1080w\" sizes=\"auto, (max-width: 300px) 100vw, 300px\" \/><\/p>\n<p style=\"text-align: justify;\">\n\u00e0s 17 hs do pr\u00f3ximo dia 08 de mar\u00e7o acontecer\u00e1, na Sala de Confer\u00eancias Internacionais do MAECI, a cerim\u00f4nia de apresenta\u00e7\u00e3o da VII Edi\u00e7\u00e3o do Italian Design Day, com o t\u00edtulo &#8220;A qualidade que ilumina: a energia do design para as pessoas e para o ambiente&#8221;. O evento ter\u00e1 a media\u00e7\u00e3o da jornalista do ministerial, Patrizia Catalano, e ser\u00e1 aberto pelo Diretor Geral para a Promo\u00e7\u00e3o do Sistema Pa\u00eds, Embaixador Lorenzo Angeloni, contando com a participa\u00e7\u00e3o do Vice-Presidente do Conselho dos Ministros e do Ministro das Rela\u00e7\u00f5es Exteriores e da Coopera\u00e7\u00e3o Internacional, Antonio Tajani; do Ministro das Empresas e do Made in Italy, Adolfo Urso; do Diretor Geral para Criatividade Contempor\u00e2nea do MIC, Onofrio Cutaia; juntamente com outros participantes qualificados do setor produtivo italiano do mercado do &#8220;design&#8221;, entre os quais a designer Patricia Urquiola; o Presidente da Trienal, Stefano Boeri; o Presidente da Associa\u00e7\u00e3o para o Desenho Industrial (ADI), Luciano Galimberti e a Presidente do Sal\u00e3o do M\u00f3vel de Mil\u00e3o, Maria Porro. Ser\u00e3o apresentados na sala o corpo diplom\u00e1tico credenciado de Governo Federal, expoentes do mundo do setor de design, tanto acad\u00eamico, quanto profissional, assim como as C\u00e2meras de com\u00e9rcio estrangeiras na It\u00e1lia, expoentes do setor e imprensa italiana e estrangeira.<\/p>\n<p style=\"text-align: justify;\">O evento poder\u00e1 ser acompanhado ao vivo no streaming em <a href=\"https:\/\/youtube.com\/live\/bHo-WfQ44lc\">italiano<\/a> ou <a href=\"https:\/\/youtube.com\/live\/-iFN0x-KCLc\">ingl\u00eas<\/a>.<\/p>\n<p style=\"text-align: justify;\">Em Belo Horizonte o Italian Design Day 2023 ser\u00e1 celebrado com a Confer\u00eancia \u201cAncestralidade e Futuro: os desejos do design para uma nova vida\u201d com o objetivo de discutir a intelig\u00eancia do design para conseguir projetar um futuro melhor.<\/p>\n<p style=\"text-align: justify;\">O evento ser\u00e1 on line, realizado pela Casa Fiat de Cultura, em parceria com o Istituto Europeo de Design (IED) e o Consulado da It\u00e1lia em Belo Horizonte no dia 09 de mar\u00e7o, \u00e0s 19hr. O arquiteto e mestre em Semi\u00f3tica Urbana Alexandre Salles vai mediar a conversa, que contar\u00e1 com a participa\u00e7\u00e3o do coordenador do N\u00facleo de Conte\u00fado do IED, Indio San, e do designer industrial Christian Ullmann. O evento faz parte das comemora\u00e7\u00f5es do Italian Design Day (IDD), que, este ano apresenta o tema \u201cQualidade que ilumina. A energia do design para as pessoas e o meio ambiente\u201d. A participa\u00e7\u00e3o \u00e9 gratuita, com inscri\u00e7\u00e3o pela Sympla<\/p>\n<p style=\"text-align: justify;\">\n","protected":false},"excerpt":{"rendered":"\u00e0s 17 hs do pr\u00f3ximo dia 08 de mar\u00e7o acontecer\u00e1, na Sala de Confer\u00eancias Internacionais do MAECI, a cerim\u00f4nia de apresenta\u00e7\u00e3o da VII Edi\u00e7\u00e3o do Italian Design Day, com o t\u00edtulo &#8220;A qualidade que ilumina: a energia do design para as pessoas e para o ambiente&#8221;. O evento ter\u00e1 a media\u00e7\u00e3o da jornalista do ministerial, [&hellip;]","protected":false},"author":1,"featured_media":0,"comment_status":"closed","ping_status":"closed","sticky":false,"template":"","format":"standard","meta":{"footnotes":""},"tags":[],"class_list":["post-497","post","type-post","status-publish","format-standard","hentry"],"_links":{"self":[{"href":"https:\/\/consbelohorizonte.esteri.it\/pt\/wp-json\/wp\/v2\/posts\/497","targetHints":{"allow":["GET"]}}],"collection":[{"href":"https:\/\/consbelohorizonte.esteri.it\/pt\/wp-json\/wp\/v2\/posts"}],"about":[{"href":"https:\/\/consbelohorizonte.esteri.it\/pt\/wp-json\/wp\/v2\/types\/post"}],"author":[{"embeddable":true,"href":"https:\/\/consbelohorizonte.esteri.it\/pt\/wp-json\/wp\/v2\/users\/1"}],"replies":[{"embeddable":true,"href":"https:\/\/consbelohorizonte.esteri.it\/pt\/wp-json\/wp\/v2\/comments?post=497"}],"version-history":[{"count":0,"href":"https:\/\/consbelohorizonte.esteri.it\/pt\/wp-json\/wp\/v2\/posts\/497\/revisions"}],"wp:attachment":[{"href":"https:\/\/consbelohorizonte.esteri.it\/pt\/wp-json\/wp\/v2\/media?parent=497"}],"wp:term":[{"taxonomy":"post_tag","embeddable":true,"href":"https:\/\/consbelohorizonte.esteri.it\/pt\/wp-json\/wp\/v2\/tags?post=497"}],"curies":[{"name":"wp","href":"https:\/\/api.w.org\/{rel}","templated":true}]}}