{"id":4821,"date":"2025-06-26T09:53:53","date_gmt":"2025-06-26T12:53:53","guid":{"rendered":"https:\/\/consbelohorizonte.esteri.it\/?p=4821"},"modified":"2025-06-26T10:25:27","modified_gmt":"2025-06-26T13:25:27","slug":"mostra-amazing-microorganisms","status":"publish","type":"post","link":"https:\/\/consbelohorizonte.esteri.it\/pt\/news\/dal_consolato\/2025\/06\/mostra-amazing-microorganisms\/","title":{"rendered":"Mostra Amazing Microorganisms"},"content":{"rendered":"<p>O Consulado-Geral da It\u00e1lia em Belo Horizonte apresenta a exposi\u00e7\u00e3o \u201cMicrorganismos extraordin\u00e1rios \u2013 Amazing Microorganisms\u201d.<\/p>\n<p>Uma viagem fascinante pelo mundo invis\u00edvel que nos rodeia.<\/p>\n<p>Em ocasi\u00e3o do Dia da Pesquisa Italiana no Mundo, o Consulado Geral da It\u00e1lia em Belo Horizonte, em colabora\u00e7\u00e3o com o Espa\u00e7o do Conhecimento da UFMG e com o apoio da Universidade de Campinas, tem o prazer de apresentar a exposi\u00e7\u00e3o fotogr\u00e1fica \u201cMicrorganismos extraordin\u00e1rios \u2013 Amazing Microorganisms\u201d, uma iniciativa \u00fanica dedicada a revelar os segredos e a beleza oculta do universo microbiano.<\/p>\n<p>Esta exposi\u00e7\u00e3o inovadora nasce com o objetivo de superar os preconceitos que cercam os microrganismos, frequentemente percebidos apenas como inimigos invis\u00edveis. Atrav\u00e9s de imagens extraordin\u00e1rias, capturadas nos melhores laborat\u00f3rios europeus e ampliadas milhares de vezes em grandes pain\u00e9is (125&#215;85 cm), os visitantes poder\u00e3o observar de perto formas de vida invis\u00edveis a olho nu, mas fundamentais para a vida na Terra. Sem esses microrganismos, de fato, a vida em nosso planeta seria simplesmente imposs\u00edvel.<\/p>\n<p>Os microrganismos, onipresentes e extraordinariamente resistentes, vivem em todos os lugares: no ar, nas \u00e1guas doces e marinhas, no solo, e alguns at\u00e9 em condi\u00e7\u00f5es extremas como g\u00eaiseres, crateras vulc\u00e2nicas e at\u00e9 mesmo no espa\u00e7o. Esta exposi\u00e7\u00e3o, produzida pela Universidade de Estudos de Turim em colabora\u00e7\u00e3o com a Funda\u00e7\u00e3o CRT e a Organiza\u00e7\u00e3o Europeia das Cole\u00e7\u00f5es Culturais (ECCO), \u00e9 composta por 40 pain\u00e9is divididos em 6 se\u00e7\u00f5es tem\u00e1ticas: v\u00edrus, bact\u00e9rias e archaea, microalgas, leveduras, fungos filamentosos e simbiose.<\/p>\n<p>\u201cMicrorganismos extraordin\u00e1rios \u2013 Amazing Microorganisms\u201d n\u00e3o \u00e9 apenas uma exposi\u00e7\u00e3o: \u00e9 uma experi\u00eancia que funde arte e ci\u00eancia, transformando a microscopia em uma viagem visual capaz de fascinar e educar visitantes de todas as idades e forma\u00e7\u00f5es. Esta iniciativa demonstra como o poder das imagens e da coopera\u00e7\u00e3o internacional pode inspirar o p\u00fablico a descobrir a beleza oculta no infinitamente pequeno, revelando sua beleza e import\u00e2ncia vital.<\/p>\n<p>N\u00e3o perca a oportunidade de se imergir neste extraordin\u00e1rio mundo invis\u00edvel, que muda nossa forma de ver a vida.<\/p>\n<p>&nbsp;<\/p>\n<p>Data: de 24 junho a 20 julho<\/p>\n<p>Hor\u00e1rio: de 18h \u00c0s 22h.<\/p>\n<p>Fachada Interativa do Espa\u00e7o do Conhecimento \u2013 Pra\u00e7a da Liberdade<\/p>\n<p>&nbsp;<\/p>\n","protected":false},"excerpt":{"rendered":"O Consulado-Geral da It\u00e1lia em Belo Horizonte apresenta a exposi\u00e7\u00e3o \u201cMicrorganismos extraordin\u00e1rios \u2013 Amazing Microorganisms\u201d. Uma viagem fascinante pelo mundo invis\u00edvel que nos rodeia. Em ocasi\u00e3o do Dia da Pesquisa Italiana no Mundo, o Consulado Geral da It\u00e1lia em Belo Horizonte, em colabora\u00e7\u00e3o com o Espa\u00e7o do Conhecimento da UFMG e com o apoio da [&hellip;]","protected":false},"author":20,"featured_media":4831,"comment_status":"closed","ping_status":"closed","sticky":false,"template":"","format":"standard","meta":{"footnotes":""},"tags":[],"class_list":["post-4821","post","type-post","status-publish","format-standard","has-post-thumbnail","hentry"],"_links":{"self":[{"href":"https:\/\/consbelohorizonte.esteri.it\/pt\/wp-json\/wp\/v2\/posts\/4821","targetHints":{"allow":["GET"]}}],"collection":[{"href":"https:\/\/consbelohorizonte.esteri.it\/pt\/wp-json\/wp\/v2\/posts"}],"about":[{"href":"https:\/\/consbelohorizonte.esteri.it\/pt\/wp-json\/wp\/v2\/types\/post"}],"author":[{"embeddable":true,"href":"https:\/\/consbelohorizonte.esteri.it\/pt\/wp-json\/wp\/v2\/users\/20"}],"replies":[{"embeddable":true,"href":"https:\/\/consbelohorizonte.esteri.it\/pt\/wp-json\/wp\/v2\/comments?post=4821"}],"version-history":[{"count":1,"href":"https:\/\/consbelohorizonte.esteri.it\/pt\/wp-json\/wp\/v2\/posts\/4821\/revisions"}],"predecessor-version":[{"id":4827,"href":"https:\/\/consbelohorizonte.esteri.it\/pt\/wp-json\/wp\/v2\/posts\/4821\/revisions\/4827"}],"wp:featuredmedia":[{"embeddable":true,"href":"https:\/\/consbelohorizonte.esteri.it\/pt\/wp-json\/wp\/v2\/media\/4831"}],"wp:attachment":[{"href":"https:\/\/consbelohorizonte.esteri.it\/pt\/wp-json\/wp\/v2\/media?parent=4821"}],"wp:term":[{"taxonomy":"post_tag","embeddable":true,"href":"https:\/\/consbelohorizonte.esteri.it\/pt\/wp-json\/wp\/v2\/tags?post=4821"}],"curies":[{"name":"wp","href":"https:\/\/api.w.org\/{rel}","templated":true}]}}