{"id":4731,"date":"2025-05-18T09:12:39","date_gmt":"2025-05-18T12:12:39","guid":{"rendered":"https:\/\/consbelohorizonte.esteri.it\/?p=4731"},"modified":"2025-06-10T09:16:21","modified_gmt":"2025-06-10T12:16:21","slug":"4731","status":"publish","type":"post","link":"https:\/\/consbelohorizonte.esteri.it\/pt\/news\/dal_consolato\/2025\/05\/4731\/","title":{"rendered":""},"content":{"rendered":"<p><img loading=\"lazy\" decoding=\"async\" class=\"alignnone size-medium wp-image-4734 img-fluid\" src=\"https:\/\/consbelohorizonte.esteri.it\/wp-content\/uploads\/2025\/06\/Instagram-240x300.jpeg\" alt=\"\" width=\"240\" height=\"300\" srcset=\"https:\/\/consbelohorizonte.esteri.it\/wp-content\/uploads\/2025\/06\/Instagram-240x300.jpeg 240w, https:\/\/consbelohorizonte.esteri.it\/wp-content\/uploads\/2025\/06\/Instagram-819x1024.jpeg 819w, https:\/\/consbelohorizonte.esteri.it\/wp-content\/uploads\/2025\/06\/Instagram-768x960.jpeg 768w, https:\/\/consbelohorizonte.esteri.it\/wp-content\/uploads\/2025\/06\/Instagram.jpeg 1080w\" sizes=\"auto, (max-width: 240px) 100vw, 240px\" \/><\/p>\n<p>Em ocasi\u00e3o da VIII Dia da Pesquisa Italiana no Mundo, o Consulado-Geral da It\u00e1lia em Belo Horizonte colaborou para a organiza\u00e7\u00e3o de um evento dedicado aos pesquisadores italianos Franco e Franca Basaglia, importantes figuras nos estudos sobre sa\u00fade mental na It\u00e1lia e de grande relev\u00e2ncia no Brasil.<\/p>\n<p>O evento, intitulado &#8220;Sarau Basaglia&#8221;, ocorreu no dia 16 de maio no \u201cEspa\u00e7o do Conhecimento da UFMG\u201d, em colabora\u00e7\u00e3o com a Universidade, o Centro de Estudos Italo-Brasileiro Franca e Franco Basaglia (CIAO) e o projeto Finestra d\u2019Ascolto (Comites MG).<\/p>\n<p>Durante o Sarau, foram apresentados dois livros: \u201cFranca Ongaro Basaglia\u201d, escrito pelo renomado autor italiano Ernesto Venturini, e \u201cReabilitar: uma perspectiva basagliana\u201d, da brasileira Stella Goulart, ambos com a participa\u00e7\u00e3o da psic\u00f3loga italiana Grazia Massetani. Em seguida, foram compartilhados dois testemunhos \u201clivro vivo\u201d de membros do grupo de apoio \u201cCentro de Conviv\u00eancia da RAPS de Contagem\u201d, enriquecidos por uma apresenta\u00e7\u00e3o musical.<\/p>\n<p>Ao final do evento, o grupo teatral \u201cBalburdia\u201d encenou uma interpreta\u00e7\u00e3o da entrevista realizada por Stella Goulart com Franca Basaglia, um encontro significativo para a professora e escritora, que teve a honra de registrar a \u00faltima entrevista da pesquisadora.<\/p>\n<p>O encontro contou com a participa\u00e7\u00e3o de 60 pessoas, o n\u00famero m\u00e1ximo de lugares dispon\u00edveis na sala, entre membros da comunidade local e representantes dos \u00f3rg\u00e3os organizadores.<\/p>\n<p><a href=\"https:\/\/consbelohorizonte.esteri.it\/wp-content\/uploads\/2025\/06\/Programacao-Feed-13a-Semana-de-Saude-Mental-1-2.pdf\">Programa\u00e7\u00e3o Feed &#8211; 13\u00aa Semana de Sa\u00fade Mental (1)-2<\/a><\/p>\n","protected":false},"excerpt":{"rendered":"Em ocasi\u00e3o da VIII Dia da Pesquisa Italiana no Mundo, o Consulado-Geral da It\u00e1lia em Belo Horizonte colaborou para a organiza\u00e7\u00e3o de um evento dedicado aos pesquisadores italianos Franco e Franca Basaglia, importantes figuras nos estudos sobre sa\u00fade mental na It\u00e1lia e de grande relev\u00e2ncia no Brasil. O evento, intitulado &#8220;Sarau Basaglia&#8221;, ocorreu no dia [&hellip;]","protected":false},"author":20,"featured_media":0,"comment_status":"closed","ping_status":"closed","sticky":false,"template":"","format":"standard","meta":{"footnotes":""},"tags":[],"class_list":["post-4731","post","type-post","status-publish","format-standard","hentry"],"_links":{"self":[{"href":"https:\/\/consbelohorizonte.esteri.it\/pt\/wp-json\/wp\/v2\/posts\/4731","targetHints":{"allow":["GET"]}}],"collection":[{"href":"https:\/\/consbelohorizonte.esteri.it\/pt\/wp-json\/wp\/v2\/posts"}],"about":[{"href":"https:\/\/consbelohorizonte.esteri.it\/pt\/wp-json\/wp\/v2\/types\/post"}],"author":[{"embeddable":true,"href":"https:\/\/consbelohorizonte.esteri.it\/pt\/wp-json\/wp\/v2\/users\/20"}],"replies":[{"embeddable":true,"href":"https:\/\/consbelohorizonte.esteri.it\/pt\/wp-json\/wp\/v2\/comments?post=4731"}],"version-history":[{"count":1,"href":"https:\/\/consbelohorizonte.esteri.it\/pt\/wp-json\/wp\/v2\/posts\/4731\/revisions"}],"predecessor-version":[{"id":4735,"href":"https:\/\/consbelohorizonte.esteri.it\/pt\/wp-json\/wp\/v2\/posts\/4731\/revisions\/4735"}],"wp:attachment":[{"href":"https:\/\/consbelohorizonte.esteri.it\/pt\/wp-json\/wp\/v2\/media?parent=4731"}],"wp:term":[{"taxonomy":"post_tag","embeddable":true,"href":"https:\/\/consbelohorizonte.esteri.it\/pt\/wp-json\/wp\/v2\/tags?post=4731"}],"curies":[{"name":"wp","href":"https:\/\/api.w.org\/{rel}","templated":true}]}}