{"id":4703,"date":"2025-06-05T08:52:03","date_gmt":"2025-06-05T11:52:03","guid":{"rendered":"https:\/\/consbelohorizonte.esteri.it\/news\/dal_consolato\/2025\/06\/festa-da-republica-italiana-foi-celebrada-no-palacio-das-mangabeiras\/"},"modified":"2025-06-05T08:52:03","modified_gmt":"2025-06-05T11:52:03","slug":"festa-da-republica-italiana-foi-celebrada-no-palacio-das-mangabeiras","status":"publish","type":"post","link":"https:\/\/consbelohorizonte.esteri.it\/pt\/news\/dal_consolato\/2025\/06\/festa-da-republica-italiana-foi-celebrada-no-palacio-das-mangabeiras\/","title":{"rendered":"Festa da Rep\u00fablica Italiana foi celebrada no Pal\u00e1cio das Mangabeiras"},"content":{"rendered":"<p>Festa da Rep\u00fablica Italiana foi celebrada no Pal\u00e1cio das Mangabeiras Belo Horizonte, 3 de junho de 2025 \u2014 A comunidade italiana em Minas Gerais celebrou nesta segunda-feira, dia 2 de junho, a tradicional Festa da Rep\u00fablica Italiana, data nacional que marca a funda\u00e7\u00e3o da Rep\u00fablica em 1946. A cerim\u00f4nia oficial aconteceu no Pal\u00e1cio das Mangabeiras, reunindo autoridades, representantes da comunidade \u00edtalo-brasileira, empres\u00e1rios e jornalistas ligados \u00e0 cultura e \u00e0 economia do estado.<\/p>\n<p>O evento foi promovido pelo Consulado-Geral da It\u00e1lia em Belo Horizonte, com o apoio dos patrocinadores Ventana Serra; Picchioni Casa de C\u00e2mbio; Raspadinha; Rima; Asja; Proma; Geostring; Iveco Group e Ferrero, e integrou as celebra\u00e7\u00f5es internacionais em homenagem \u00e0 Rep\u00fablica Italiana, reafirmando os la\u00e7os hist\u00f3ricos e culturais entre It\u00e1lia e Brasil. Durante a solenidade, foi realizado um discurso oficial da C\u00f4nsul-Geral Nicoletta Gomiero, seguido de um coquetel com gastronomia do Clube do Chef, e de um concerto especial com a cantora italiana Susanna Stivali, uma das grandes vozes do jazz contempor\u00e2neo, em um ambiente que valoriza o interc\u00e2mbio cultural e a amizade entre os dois pa\u00edses. A ocasi\u00e3o tamb\u00e9m refor\u00e7a a import\u00e2ncia da presen\u00e7a italiana em Minas Gerais, estado que abriga uma das maiores comunidades \u00edtalo-brasileiras do pa\u00eds, com destaque para as contribui\u00e7\u00f5es nos setores da cultura, arquitetura, gastronomia e economia.<\/p>\n<p>A Festa da Rep\u00fablica Italiana \u00e9 um momento simb\u00f3lico que remete ao referendo popular realizado em 2 de junho de 1946, quando o povo italiano escolheu o regime republicano, encerrando o per\u00edodo mon\u00e1rquico e dando in\u00edcio a uma nova era democr\u00e1tica.<\/p>\n<p><a href=\"https:\/\/drive.google.com\/drive\/folders\/16Rd-nGQZybQIpuSEkTa7iMSJaWUP-DVg\">FOTOS<\/a><\/p>\n","protected":false},"excerpt":{"rendered":"Festa da Rep\u00fablica Italiana foi celebrada no Pal\u00e1cio das Mangabeiras Belo Horizonte, 3 de junho de 2025 \u2014 A comunidade italiana em Minas Gerais celebrou nesta segunda-feira, dia 2 de junho, a tradicional Festa da Rep\u00fablica Italiana, data nacional que marca a funda\u00e7\u00e3o da Rep\u00fablica em 1946. A cerim\u00f4nia oficial aconteceu no Pal\u00e1cio das Mangabeiras, [&hellip;]","protected":false},"author":20,"featured_media":0,"comment_status":"closed","ping_status":"closed","sticky":false,"template":"","format":"standard","meta":{"footnotes":""},"tags":[],"class_list":["post-4703","post","type-post","status-publish","format-standard","hentry"],"_links":{"self":[{"href":"https:\/\/consbelohorizonte.esteri.it\/pt\/wp-json\/wp\/v2\/posts\/4703","targetHints":{"allow":["GET"]}}],"collection":[{"href":"https:\/\/consbelohorizonte.esteri.it\/pt\/wp-json\/wp\/v2\/posts"}],"about":[{"href":"https:\/\/consbelohorizonte.esteri.it\/pt\/wp-json\/wp\/v2\/types\/post"}],"author":[{"embeddable":true,"href":"https:\/\/consbelohorizonte.esteri.it\/pt\/wp-json\/wp\/v2\/users\/20"}],"replies":[{"embeddable":true,"href":"https:\/\/consbelohorizonte.esteri.it\/pt\/wp-json\/wp\/v2\/comments?post=4703"}],"version-history":[{"count":0,"href":"https:\/\/consbelohorizonte.esteri.it\/pt\/wp-json\/wp\/v2\/posts\/4703\/revisions"}],"wp:attachment":[{"href":"https:\/\/consbelohorizonte.esteri.it\/pt\/wp-json\/wp\/v2\/media?parent=4703"}],"wp:term":[{"taxonomy":"post_tag","embeddable":true,"href":"https:\/\/consbelohorizonte.esteri.it\/pt\/wp-json\/wp\/v2\/tags?post=4703"}],"curies":[{"name":"wp","href":"https:\/\/api.w.org\/{rel}","templated":true}]}}