{"id":4302,"date":"2025-03-25T10:13:05","date_gmt":"2025-03-25T13:13:05","guid":{"rendered":"https:\/\/consbelohorizonte.esteri.it\/news\/dal_consolato\/2025\/03\/nota-de-pesar\/"},"modified":"2025-03-25T10:48:39","modified_gmt":"2025-03-25T13:48:39","slug":"nota-de-pesar","status":"publish","type":"post","link":"https:\/\/consbelohorizonte.esteri.it\/pt\/news\/dal_consolato\/2025\/03\/nota-de-pesar\/","title":{"rendered":"NOTA DE PESAR"},"content":{"rendered":"<p>NOTA DI CORDOGLIO<\/p>\n<p>\u00c9 com profundo pesar que o Consulado-Geral da It\u00e1lia em Belo Horizonte recebe a not\u00edcia do falecimento da Sra. Eliane Torres Lima Silveira, m\u00e3e da nossa estimada funcion\u00e1ria Joana Lima Silveira.<\/p>\n<p>Neste momento de dor e luto, expressamos nossas mais sinceras condol\u00eancias \u00e0 Joana e a toda a sua fam\u00edlia. A perda de uma m\u00e3e \u00e9 uma das experi\u00eancias mais desafiadoras que podemos enfrentar, e desejamos que encontrem conforto nas mem\u00f3rias e no amor que sempre os uniu.<\/p>\n<p>A Sra. Eliane sempre ser\u00e1 lembrada por seu amor e dedica\u00e7\u00e3o \u00e0 fam\u00edlia, e seu legado viver\u00e1 nos cora\u00e7\u00f5es daqueles que tiveram o privil\u00e9gio de conhec\u00ea-la.<\/p>\n<p>&nbsp;<\/p>\n<p>Nicoletta Gomiero<\/p>\n<p>C\u00f4nsul-Geral da It\u00e1lia<br \/>\nem Belo Horizonte<\/p>\n","protected":false},"excerpt":{"rendered":"NOTA DI CORDOGLIO \u00c9 com profundo pesar que o Consulado-Geral da It\u00e1lia em Belo Horizonte recebe a not\u00edcia do falecimento da Sra. Eliane Torres Lima Silveira, m\u00e3e da nossa estimada funcion\u00e1ria Joana Lima Silveira. Neste momento de dor e luto, expressamos nossas mais sinceras condol\u00eancias \u00e0 Joana e a toda a sua fam\u00edlia. A perda [&hellip;]","protected":false},"author":20,"featured_media":0,"comment_status":"closed","ping_status":"closed","sticky":false,"template":"","format":"standard","meta":{"footnotes":""},"tags":[],"class_list":["post-4302","post","type-post","status-publish","format-standard","hentry"],"_links":{"self":[{"href":"https:\/\/consbelohorizonte.esteri.it\/pt\/wp-json\/wp\/v2\/posts\/4302","targetHints":{"allow":["GET"]}}],"collection":[{"href":"https:\/\/consbelohorizonte.esteri.it\/pt\/wp-json\/wp\/v2\/posts"}],"about":[{"href":"https:\/\/consbelohorizonte.esteri.it\/pt\/wp-json\/wp\/v2\/types\/post"}],"author":[{"embeddable":true,"href":"https:\/\/consbelohorizonte.esteri.it\/pt\/wp-json\/wp\/v2\/users\/20"}],"replies":[{"embeddable":true,"href":"https:\/\/consbelohorizonte.esteri.it\/pt\/wp-json\/wp\/v2\/comments?post=4302"}],"version-history":[{"count":2,"href":"https:\/\/consbelohorizonte.esteri.it\/pt\/wp-json\/wp\/v2\/posts\/4302\/revisions"}],"predecessor-version":[{"id":4309,"href":"https:\/\/consbelohorizonte.esteri.it\/pt\/wp-json\/wp\/v2\/posts\/4302\/revisions\/4309"}],"wp:attachment":[{"href":"https:\/\/consbelohorizonte.esteri.it\/pt\/wp-json\/wp\/v2\/media?parent=4302"}],"wp:term":[{"taxonomy":"post_tag","embeddable":true,"href":"https:\/\/consbelohorizonte.esteri.it\/pt\/wp-json\/wp\/v2\/tags?post=4302"}],"curies":[{"name":"wp","href":"https:\/\/api.w.org\/{rel}","templated":true}]}}