{"id":4145,"date":"2025-01-08T11:08:10","date_gmt":"2025-01-08T14:08:10","guid":{"rendered":"https:\/\/consbelohorizonte.esteri.it\/?p=4145"},"modified":"2025-01-08T11:10:21","modified_gmt":"2025-01-08T14:10:21","slug":"calabria-extraordinaria-a-regiao-calabria-promove-o-jubileu-2025","status":"publish","type":"post","link":"https:\/\/consbelohorizonte.esteri.it\/pt\/news\/dal_consolato\/2025\/01\/calabria-extraordinaria-a-regiao-calabria-promove-o-jubileu-2025\/","title":{"rendered":"CAL\u00c1BRIA EXTRAORDIN\u00c1RIA &#8211; A REGI\u00c3O CAL\u00c1BRIA PROMOVE O JUBILEU 2025"},"content":{"rendered":"<p>Em 2025, a Cal\u00e1bria convida italianos e descendentes no mundo todo para redescobrir suas origens e se conectar com a hist\u00f3ria, a cultura e as tradi\u00e7\u00f5es dessa regi\u00e3o t\u00e3o especial. Conhecida por seus caminhos hist\u00f3ricos e belezas \u00fanicas, a Cal\u00e1bria destaca monumentos que integram os Patrim\u00f4nios da Humanidade pela UNESCO.<\/p>\n<p>Durante o Jubileu, pacotes tur\u00edsticos especiais incluem tarifas reduzidas para hospedagem, transporte e experi\u00eancias que permitem explorar as riquezas art\u00edsticas, hist\u00f3ricas e culturais das 12 dioceses calabresas.<\/p>\n<p>Seja para redescobrir as ra\u00edzes familiares ou vivenciar a Cal\u00e1bria em toda sua autenticidade, o Jubileu 2025 \u00e9 uma oportunidade para conhecer de perto as tradi\u00e7\u00f5es e hist\u00f3rias da regi\u00e3o.<\/p>\n<p>Para mais informa\u00e7\u00f5es entre em contato com calabriastraordinaria@regione.calabria.it<\/p>\n<p dir=\"auto\">allegato 1 &#8211; <a href=\"https:\/\/consbelohorizonte.esteri.it\/wp-content\/uploads\/2025\/01\/PT_GIUBILEO-CALABRIA-2025_rivisto.pdf\">PT_GIUBILEO CALABRIA 2025_rivisto<\/a><\/p>\n<p dir=\"auto\">allegato 2 &#8211; <a href=\"https:\/\/consbelohorizonte.esteri.it\/wp-content\/uploads\/2025\/01\/ITA_GIUBILEO-CALABRIA-2025.pdf\">ITA_GIUBILEO CALABRIA 2025<\/a><\/p>\n<p dir=\"auto\">allegato 3 &#8211; \u00a0<a href=\"https:\/\/consbelohorizonte.esteri.it\/wp-content\/uploads\/2025\/01\/IT-CAL_CALENDARIO-GRANDI-EVENTI.pdf\">\u00a0T-CAL_CALENDARIO GRANDI EVENTI<\/a><\/p>\n<p>&nbsp;<\/p>\n","protected":false},"excerpt":{"rendered":"Em 2025, a Cal\u00e1bria convida italianos e descendentes no mundo todo para redescobrir suas origens e se conectar com a hist\u00f3ria, a cultura e as tradi\u00e7\u00f5es dessa regi\u00e3o t\u00e3o especial. Conhecida por seus caminhos hist\u00f3ricos e belezas \u00fanicas, a Cal\u00e1bria destaca monumentos que integram os Patrim\u00f4nios da Humanidade pela UNESCO. Durante o Jubileu, pacotes tur\u00edsticos [&hellip;]","protected":false},"author":20,"featured_media":4142,"comment_status":"closed","ping_status":"closed","sticky":false,"template":"","format":"standard","meta":{"footnotes":""},"tags":[],"class_list":["post-4145","post","type-post","status-publish","format-standard","has-post-thumbnail","hentry"],"_links":{"self":[{"href":"https:\/\/consbelohorizonte.esteri.it\/pt\/wp-json\/wp\/v2\/posts\/4145","targetHints":{"allow":["GET"]}}],"collection":[{"href":"https:\/\/consbelohorizonte.esteri.it\/pt\/wp-json\/wp\/v2\/posts"}],"about":[{"href":"https:\/\/consbelohorizonte.esteri.it\/pt\/wp-json\/wp\/v2\/types\/post"}],"author":[{"embeddable":true,"href":"https:\/\/consbelohorizonte.esteri.it\/pt\/wp-json\/wp\/v2\/users\/20"}],"replies":[{"embeddable":true,"href":"https:\/\/consbelohorizonte.esteri.it\/pt\/wp-json\/wp\/v2\/comments?post=4145"}],"version-history":[{"count":1,"href":"https:\/\/consbelohorizonte.esteri.it\/pt\/wp-json\/wp\/v2\/posts\/4145\/revisions"}],"predecessor-version":[{"id":4147,"href":"https:\/\/consbelohorizonte.esteri.it\/pt\/wp-json\/wp\/v2\/posts\/4145\/revisions\/4147"}],"wp:featuredmedia":[{"embeddable":true,"href":"https:\/\/consbelohorizonte.esteri.it\/pt\/wp-json\/wp\/v2\/media\/4142"}],"wp:attachment":[{"href":"https:\/\/consbelohorizonte.esteri.it\/pt\/wp-json\/wp\/v2\/media?parent=4145"}],"wp:term":[{"taxonomy":"post_tag","embeddable":true,"href":"https:\/\/consbelohorizonte.esteri.it\/pt\/wp-json\/wp\/v2\/tags?post=4145"}],"curies":[{"name":"wp","href":"https:\/\/api.w.org\/{rel}","templated":true}]}}