{"id":4029,"date":"2024-11-26T10:48:06","date_gmt":"2024-11-26T13:48:06","guid":{"rendered":"https:\/\/consbelohorizonte.esteri.it\/?p=4029"},"modified":"2024-11-26T10:48:06","modified_gmt":"2024-11-26T13:48:06","slug":"19o-festival-de-cinema-italiano-sessao-comentada-do-filme-o-ouro-de-napoles-do-diretor-vittorio-de-sica","status":"publish","type":"post","link":"https:\/\/consbelohorizonte.esteri.it\/pt\/news\/dal_consolato\/2024\/11\/19o-festival-de-cinema-italiano-sessao-comentada-do-filme-o-ouro-de-napoles-do-diretor-vittorio-de-sica\/","title":{"rendered":"19\u00ba Festival de Cinema Italiano &#8211; Sess\u00e3o comentada do filme O Ouro de N\u00e1poles do diretor Vittorio De Sica"},"content":{"rendered":"<p>No dia 26 de Novembro, em ocasi\u00e3o do 19\u00ba Festival de Cinema Italiano, acontece \u00e0s 19h na Sala de Cinema do Centro Cultural Unimed-BH Minas a sess\u00e3o comentada do filme O Ouro de N\u00e1poles do diretor Vittorio De Sica. Quem comenta o filme \u00e9 o ator, roteirista, produtor, professor e pesquisador de cinema Ata\u00eddes Braga, graduado em Hist\u00f3ria pela UFOP e mestre em cinema pela UFMG.<\/p>\n<p>\ud83d\udcc5\u00a026\/11 &#8211; 19h<\/p>\n<p>\ud83c\udf9f\u00a0Entrada gratuita &#8211; com distribui\u00e7\u00e3o de ingressos 1h antes da sess\u00e3o<\/p>\n","protected":false},"excerpt":{"rendered":"No dia 26 de Novembro, em ocasi\u00e3o do 19\u00ba Festival de Cinema Italiano, acontece \u00e0s 19h na Sala de Cinema do Centro Cultural Unimed-BH Minas a sess\u00e3o comentada do filme O Ouro de N\u00e1poles do diretor Vittorio De Sica. Quem comenta o filme \u00e9 o ator, roteirista, produtor, professor e pesquisador de cinema Ata\u00eddes Braga, [&hellip;]","protected":false},"author":20,"featured_media":4031,"comment_status":"closed","ping_status":"closed","sticky":false,"template":"","format":"standard","meta":{"footnotes":""},"tags":[],"class_list":["post-4029","post","type-post","status-publish","format-standard","has-post-thumbnail","hentry"],"_links":{"self":[{"href":"https:\/\/consbelohorizonte.esteri.it\/pt\/wp-json\/wp\/v2\/posts\/4029","targetHints":{"allow":["GET"]}}],"collection":[{"href":"https:\/\/consbelohorizonte.esteri.it\/pt\/wp-json\/wp\/v2\/posts"}],"about":[{"href":"https:\/\/consbelohorizonte.esteri.it\/pt\/wp-json\/wp\/v2\/types\/post"}],"author":[{"embeddable":true,"href":"https:\/\/consbelohorizonte.esteri.it\/pt\/wp-json\/wp\/v2\/users\/20"}],"replies":[{"embeddable":true,"href":"https:\/\/consbelohorizonte.esteri.it\/pt\/wp-json\/wp\/v2\/comments?post=4029"}],"version-history":[{"count":1,"href":"https:\/\/consbelohorizonte.esteri.it\/pt\/wp-json\/wp\/v2\/posts\/4029\/revisions"}],"predecessor-version":[{"id":4033,"href":"https:\/\/consbelohorizonte.esteri.it\/pt\/wp-json\/wp\/v2\/posts\/4029\/revisions\/4033"}],"wp:featuredmedia":[{"embeddable":true,"href":"https:\/\/consbelohorizonte.esteri.it\/pt\/wp-json\/wp\/v2\/media\/4031"}],"wp:attachment":[{"href":"https:\/\/consbelohorizonte.esteri.it\/pt\/wp-json\/wp\/v2\/media?parent=4029"}],"wp:term":[{"taxonomy":"post_tag","embeddable":true,"href":"https:\/\/consbelohorizonte.esteri.it\/pt\/wp-json\/wp\/v2\/tags?post=4029"}],"curies":[{"name":"wp","href":"https:\/\/api.w.org\/{rel}","templated":true}]}}