{"id":4024,"date":"2024-11-25T15:52:33","date_gmt":"2024-11-25T18:52:33","guid":{"rendered":"https:\/\/consbelohorizonte.esteri.it\/?p=4024"},"modified":"2024-11-25T15:53:10","modified_gmt":"2024-11-25T18:53:10","slug":"dia-internacional-pela-eliminacao-da-violencia-contra-as-mulheres","status":"publish","type":"post","link":"https:\/\/consbelohorizonte.esteri.it\/pt\/news\/dal_consolato\/2024\/11\/dia-internacional-pela-eliminacao-da-violencia-contra-as-mulheres\/","title":{"rendered":"Dia Internacional pela Elimina\u00e7\u00e3o da Viol\u00eancia contra as Mulheres"},"content":{"rendered":"<div class=\"entry-content\">\n<p>Este ano, o Minist\u00e9rio das Rela\u00e7\u00f5es Exteriores e da Coopera\u00e7\u00e3o Internacional participa novamente da campanha de mobiliza\u00e7\u00e3o internacional por ocasi\u00e3o do Dia Internacional pela Elimina\u00e7\u00e3o da Viol\u00eancia contra as Mulheres. Conforme destacado pelo Vice-Presidente do Conselho e Ministro das Rela\u00e7\u00f5es Exteriores e da Coopera\u00e7\u00e3o Internacional, o Sr. Antonio Tajani, \u201ca It\u00e1lia deve estar na linha de frente para promover a igualdade de g\u00eanero e o empoderamento feminino, especialmente para prevenir e combater todas as formas de discrimina\u00e7\u00e3o e viol\u00eancia contra as mulheres\u201d.<\/p>\n<p>Este ano, o tema ser\u00e1 levado \u00e0 Reuni\u00e3o Ministerial do G7 de Rela\u00e7\u00f5es Exteriores em Fiuggi-Anagni. No dia 25 de novembro, durante o encontro ministerial, ser\u00e1 inaugurado um \u201cbanco vermelho\u201d \u2013 em mem\u00f3ria das mulheres v\u00edtimas de viol\u00eancia e de suas vidas perdidas \u2013 com a coloca\u00e7\u00e3o de uma placa comemorativa pelos Ministros das Rela\u00e7\u00f5es Exteriores presentes no Teatro Municipal de Fiuggi, cuja fachada ser\u00e1 iluminada de laranja para a ocasi\u00e3o.<br \/>\nA iniciativa reafirma a aten\u00e7\u00e3o que a It\u00e1lia, na qualidade de Presid\u00eancia do G7, quis dedicar ao tema da preven\u00e7\u00e3o e do combate \u00e0 viol\u00eancia contra mulheres e meninas, especialmente em contextos de conflito, onde a viol\u00eancia sexual \u00e9 usada tamb\u00e9m como arma de guerra.<\/p>\n<p>Sob orienta\u00e7\u00e3o do Ministro Tajani, a Farnesina e sua rede de representa\u00e7\u00f5es no exterior aderem novamente este ano \u00e0 campanha \u201cOrange the World: End Violence against Women Now!\u201d, promovida pela ONU Mulheres, que inaugura 16 dias de iniciativas ao lado da sociedade civil. Para a ocasi\u00e3o, a Farnesina ser\u00e1 iluminada de laranja no dia 25 de novembro.<\/p>\n<p>A elimina\u00e7\u00e3o da viol\u00eancia contra as mulheres e o apoio ao empoderamento feminino continuam a ser pilares da a\u00e7\u00e3o de pol\u00edtica externa e coopera\u00e7\u00e3o para o desenvolvimento da It\u00e1lia. Isso se reflete em diversas campanhas internacionais, como aquelas para erradicar mutila\u00e7\u00f5es genitais femininas e casamentos precoces e for\u00e7ados, que h\u00e1 muito contam com o protagonismo da It\u00e1lia, bem como em nosso compromisso no \u00e2mbito da Comiss\u00e3o da ONU sobre a Condi\u00e7\u00e3o da Mulher.<\/p>\n<p>Tamb\u00e9m no contexto da Agenda da ONU \u201cMulheres, Paz e Seguran\u00e7a\u201d, a It\u00e1lia, por meio de um Plano de A\u00e7\u00e3o Nacional espec\u00edfico, est\u00e1 na vanguarda entre os Estados-membros das Na\u00e7\u00f5es Unidas, promovendo iniciativas para incentivar a plena participa\u00e7\u00e3o das mulheres em todas as atividades de preven\u00e7\u00e3o e resolu\u00e7\u00e3o de conflitos, como a Rede de Mulheres Mediadoras do Mediterr\u00e2neo, lan\u00e7ada pela It\u00e1lia em 2017.<\/p>\n<p>As recentes Diretrizes da Coopera\u00e7\u00e3o Italiana sobre igualdade de g\u00eanero e o fortalecimento de mulheres, meninas e crian\u00e7as buscam intensificar ainda mais nosso compromisso por meio de iniciativas espec\u00edficas, que v\u00e3o desde sa\u00fade feminina, materno-infantil, sexual e reprodutiva, at\u00e9 o apoio a programas para a educa\u00e7\u00e3o de meninas e mulheres.<\/p>\n<p>A pedido do Ministro Tajani, a Farnesina dedicou \u00e0 mem\u00f3ria de Giulia Cecchettin, v\u00edtima de feminic\u00eddio na v\u00e9spera de sua formatura em engenharia, o programa de bolsas de estudo da Farnesina para jovens talentos internacionais, <em>Invest Your Talent in Italy<\/em>, que combina percursos de alta especializa\u00e7\u00e3o em disciplinas de engenharia, economia ou arquitetura em universidades italianas com per\u00edodos de forma\u00e7\u00e3o em empresas do nosso pa\u00eds.<\/p>\n<\/div>\n","protected":false},"excerpt":{"rendered":"Este ano, o Minist\u00e9rio das Rela\u00e7\u00f5es Exteriores e da Coopera\u00e7\u00e3o Internacional participa novamente da campanha de mobiliza\u00e7\u00e3o internacional por ocasi\u00e3o do Dia Internacional pela Elimina\u00e7\u00e3o da Viol\u00eancia contra as Mulheres. Conforme destacado pelo Vice-Presidente do Conselho e Ministro das Rela\u00e7\u00f5es Exteriores e da Coopera\u00e7\u00e3o Internacional, o Sr. Antonio Tajani, \u201ca It\u00e1lia deve estar na linha [&hellip;]","protected":false},"author":20,"featured_media":4019,"comment_status":"closed","ping_status":"closed","sticky":false,"template":"","format":"standard","meta":{"footnotes":""},"tags":[],"class_list":["post-4024","post","type-post","status-publish","format-standard","has-post-thumbnail","hentry"],"_links":{"self":[{"href":"https:\/\/consbelohorizonte.esteri.it\/pt\/wp-json\/wp\/v2\/posts\/4024","targetHints":{"allow":["GET"]}}],"collection":[{"href":"https:\/\/consbelohorizonte.esteri.it\/pt\/wp-json\/wp\/v2\/posts"}],"about":[{"href":"https:\/\/consbelohorizonte.esteri.it\/pt\/wp-json\/wp\/v2\/types\/post"}],"author":[{"embeddable":true,"href":"https:\/\/consbelohorizonte.esteri.it\/pt\/wp-json\/wp\/v2\/users\/20"}],"replies":[{"embeddable":true,"href":"https:\/\/consbelohorizonte.esteri.it\/pt\/wp-json\/wp\/v2\/comments?post=4024"}],"version-history":[{"count":1,"href":"https:\/\/consbelohorizonte.esteri.it\/pt\/wp-json\/wp\/v2\/posts\/4024\/revisions"}],"predecessor-version":[{"id":4027,"href":"https:\/\/consbelohorizonte.esteri.it\/pt\/wp-json\/wp\/v2\/posts\/4024\/revisions\/4027"}],"wp:featuredmedia":[{"embeddable":true,"href":"https:\/\/consbelohorizonte.esteri.it\/pt\/wp-json\/wp\/v2\/media\/4019"}],"wp:attachment":[{"href":"https:\/\/consbelohorizonte.esteri.it\/pt\/wp-json\/wp\/v2\/media?parent=4024"}],"wp:term":[{"taxonomy":"post_tag","embeddable":true,"href":"https:\/\/consbelohorizonte.esteri.it\/pt\/wp-json\/wp\/v2\/tags?post=4024"}],"curies":[{"name":"wp","href":"https:\/\/api.w.org\/{rel}","templated":true}]}}