{"id":3991,"date":"2024-11-06T11:51:52","date_gmt":"2024-11-06T14:51:52","guid":{"rendered":"https:\/\/consbelohorizonte.esteri.it\/?p=3991"},"modified":"2024-11-06T11:59:39","modified_gmt":"2024-11-06T14:59:39","slug":"a-19a-edicao-do-festival-de-cinema-italiano-no-brasil-comeca-em-7-de-novembro","status":"publish","type":"post","link":"https:\/\/consbelohorizonte.esteri.it\/pt\/news\/dal_consolato\/2024\/11\/a-19a-edicao-do-festival-de-cinema-italiano-no-brasil-comeca-em-7-de-novembro\/","title":{"rendered":"A 19\u00aa edi\u00e7\u00e3o do Festival de Cinema Italiano no Brasil come\u00e7a em 7 de novembro."},"content":{"rendered":"<p>19\u00aa edi\u00e7\u00e3o do FESTIVAL DE CINEMA ITALIANO NO BRASIL chega como um dos eventos mais esperados e reverenciados pelos amantes da s\u00e9tima arte.<\/p>\n<p>O Festival acontece entre 7 de novembro e 8 de dezembro, trazendo 29 t\u00edtulos em sua programa\u00e7\u00e3o.<\/p>\n<p>Pelo terceiro ano, os filmes do Festival ser\u00e3o exibidos tamb\u00e9m presencialmente e gratuitamente no Brasil inteiro, em 120 salas, em mais de 80 cidades, al\u00e9m de sua transmiss\u00e3o via streaming<\/p>\n<p>Este ano, o festival oferece tanto filmes in\u00e9ditos no Brasil quanto uma retrospectiva tem\u00e1tica dedicada ao humor no cinema italiano.<\/p>\n<p>A Mostra In\u00e9ditos re\u00fane obras fresqu\u00edssimas, produzidas entre 2023 e 2024, muitas das quais j\u00e1 brilharam nos mais prestigiados festivais internacionais, como Veneza, Cannes e Berlim. Esses filmes exploram temas universais e desafiadores, que v\u00e3o das complexidades da sociedade contempor\u00e2nea aos dramas mais \u00edntimos e pessoais, oferecendo um retrato profundo da It\u00e1lia de hoje. Alguns exemplos s\u00e3o: \u201cMais um ver\u00e3o em fam\u00edlia\u201d de Paolo Virz\u00ed, 2024; \u201cEu Capit\u00e3o\u201d de Matteo Garrone, 2023; \u201cRomeu e Julieta\u201d de Giovanni Veronesi, 2024.<\/p>\n<p>A Mostra Retrospectiva, intitulada \u2018O Humor do Cinema Italiano: de Tot\u00f2 a Roberto Benigni\u2019, \u00e9 um tributo aos grandes cl\u00e1ssicos que constru\u00edram a hist\u00f3ria do cinema italiano, trazendo-nos de volta \u00e0s ra\u00edzes de uma tradi\u00e7\u00e3o cinematogr\u00e1fica que influenciou gera\u00e7\u00f5es de cineastas ao redor do mundo. Esta \u00e9 a oportunidade perfeita para redescobrir filmes que definiram uma \u00e9poca e que, mesmo com o passar do tempo, continuam a falar conosco com a mesma for\u00e7a. Alguns filmes: \u201cN\u00e1poles milion\u00e1ria\u201d de Eduardo de Filippo, 1950; \u201cLo sceicco bianco\u201d de Federico Fellini, 1952 \u201cO pequeno diabo\u201d de Roberto Benigni, 1988; \u201cA viagem do capit\u00e3o Tornado\u201d de Ettore Scola, 1990;.<\/p>\n<p>&nbsp;<\/p>\n<p>Para maiores informa\u00e7\u00f5es segue o link do Festival: \u00a0<a href=\"https:\/\/festivalcinemaitaliano.com\/\">https:\/\/festivalcinemaitaliano.com\/<\/a><\/p>\n<p>&nbsp;<\/p>\n<p>Em <em>Minas Gerais<\/em> s\u00e3o 12 cidades que abrir\u00e3o suas salas para o Festival : <a href=\"https:\/\/festivalcinemaitaliano.com\/onde-assistir\/\">https:\/\/festivalcinemaitaliano.com\/onde-assistir\/<\/a><\/p>\n<p>&nbsp;<\/p>\n<p>Boa divers\u00e3o a todos!<\/p>\n","protected":false},"excerpt":{"rendered":"19\u00aa edi\u00e7\u00e3o do FESTIVAL DE CINEMA ITALIANO NO BRASIL chega como um dos eventos mais esperados e reverenciados pelos amantes da s\u00e9tima arte. O Festival acontece entre 7 de novembro e 8 de dezembro, trazendo 29 t\u00edtulos em sua programa\u00e7\u00e3o. Pelo terceiro ano, os filmes do Festival ser\u00e3o exibidos tamb\u00e9m presencialmente e gratuitamente no Brasil [&hellip;]","protected":false},"author":20,"featured_media":3988,"comment_status":"closed","ping_status":"closed","sticky":false,"template":"","format":"standard","meta":{"footnotes":""},"tags":[],"class_list":["post-3991","post","type-post","status-publish","format-standard","has-post-thumbnail","hentry"],"_links":{"self":[{"href":"https:\/\/consbelohorizonte.esteri.it\/pt\/wp-json\/wp\/v2\/posts\/3991","targetHints":{"allow":["GET"]}}],"collection":[{"href":"https:\/\/consbelohorizonte.esteri.it\/pt\/wp-json\/wp\/v2\/posts"}],"about":[{"href":"https:\/\/consbelohorizonte.esteri.it\/pt\/wp-json\/wp\/v2\/types\/post"}],"author":[{"embeddable":true,"href":"https:\/\/consbelohorizonte.esteri.it\/pt\/wp-json\/wp\/v2\/users\/20"}],"replies":[{"embeddable":true,"href":"https:\/\/consbelohorizonte.esteri.it\/pt\/wp-json\/wp\/v2\/comments?post=3991"}],"version-history":[{"count":2,"href":"https:\/\/consbelohorizonte.esteri.it\/pt\/wp-json\/wp\/v2\/posts\/3991\/revisions"}],"predecessor-version":[{"id":3995,"href":"https:\/\/consbelohorizonte.esteri.it\/pt\/wp-json\/wp\/v2\/posts\/3991\/revisions\/3995"}],"wp:featuredmedia":[{"embeddable":true,"href":"https:\/\/consbelohorizonte.esteri.it\/pt\/wp-json\/wp\/v2\/media\/3988"}],"wp:attachment":[{"href":"https:\/\/consbelohorizonte.esteri.it\/pt\/wp-json\/wp\/v2\/media?parent=3991"}],"wp:term":[{"taxonomy":"post_tag","embeddable":true,"href":"https:\/\/consbelohorizonte.esteri.it\/pt\/wp-json\/wp\/v2\/tags?post=3991"}],"curies":[{"name":"wp","href":"https:\/\/api.w.org\/{rel}","templated":true}]}}