{"id":3787,"date":"2024-09-09T15:41:59","date_gmt":"2024-09-09T18:41:59","guid":{"rendered":"https:\/\/consbelohorizonte.esteri.it\/?p=3787"},"modified":"2024-09-09T15:41:59","modified_gmt":"2024-09-09T18:41:59","slug":"semana-do-ministerio-publico","status":"publish","type":"post","link":"https:\/\/consbelohorizonte.esteri.it\/pt\/news\/dal_consolato\/2024\/09\/semana-do-ministerio-publico\/","title":{"rendered":"Semana do Minist\u00e9rio P\u00fablico"},"content":{"rendered":"<p>Em ocasi\u00e3o do evento \u201cSemana do Minist\u00e9rio P\u00fablico 2024\u201d, o Minist\u00e9rio P\u00fablico do Estado de Minas Gerais homenageia a Rep\u00fablica Italiana e a comunidade \u00edtalo-mineira, como reconhecimento \u00e0 hist\u00f3rica amizade entre os povos e renova\u00e7\u00e3o dos la\u00e7os de coopera\u00e7\u00e3o rec\u00edproca para o desenvolvimento social e bem comum.<\/p>\n<p>A edi\u00e7\u00e3o de 2024 acontece do dia 09 a 13 setembro com a\u00e7\u00f5es educativas e atividades culturais para promover a conscientiza\u00e7\u00e3o sobre o papel e as atividades do MPMG na defesa da ordem jur\u00eddica, dos direitos fundamentais e do interesse p\u00fablico, e celebrar os 150 anos da imigra\u00e7\u00e3o italiana no Brasil.<\/p>\n<p>O Consulado-Geral da It\u00e1lia em Belo Horizonte tem o prazer de colaborar com a Semana do Minist\u00e9rio P\u00fablico. Para a ocasi\u00e3o ficar\u00e1 dispon\u00edvel ao p\u00fablico, no Pilotis da sede da Procuradoria-Geral de Justi\u00e7a, um v\u00eddeo especial que comp\u00f5e a exposi\u00e7\u00e3o \u201cItalianos do Brasil\u201d, dedicada \u00e0s celebra\u00e7\u00f5es dos 150 anos da imigra\u00e7\u00e3o italiana no Brasil, promovida pelo Instituto Italiano de Cultura de S\u00e3o Paulo e com curadoria de Associa\u00e7\u00e3o AKRONOS APS.<\/p>\n<p>&nbsp;<\/p>\n<p>Programa\u00e7\u00e3o completa: <a href=\"https:\/\/www.mpmg.mp.br\/portal\/menu\/comunicacao\/semana-do-mp-2024.shtml\">https:\/\/www.mpmg.mp.br\/portal\/menu\/comunicacao\/semana-do-mp-2024.shtml<\/a><\/p>\n","protected":false},"excerpt":{"rendered":"Em ocasi\u00e3o do evento \u201cSemana do Minist\u00e9rio P\u00fablico 2024\u201d, o Minist\u00e9rio P\u00fablico do Estado de Minas Gerais homenageia a Rep\u00fablica Italiana e a comunidade \u00edtalo-mineira, como reconhecimento \u00e0 hist\u00f3rica amizade entre os povos e renova\u00e7\u00e3o dos la\u00e7os de coopera\u00e7\u00e3o rec\u00edproca para o desenvolvimento social e bem comum. A edi\u00e7\u00e3o de 2024 acontece do dia 09 [&hellip;]","protected":false},"author":20,"featured_media":0,"comment_status":"closed","ping_status":"closed","sticky":false,"template":"","format":"standard","meta":{"footnotes":""},"tags":[],"class_list":["post-3787","post","type-post","status-publish","format-standard","hentry"],"_links":{"self":[{"href":"https:\/\/consbelohorizonte.esteri.it\/pt\/wp-json\/wp\/v2\/posts\/3787","targetHints":{"allow":["GET"]}}],"collection":[{"href":"https:\/\/consbelohorizonte.esteri.it\/pt\/wp-json\/wp\/v2\/posts"}],"about":[{"href":"https:\/\/consbelohorizonte.esteri.it\/pt\/wp-json\/wp\/v2\/types\/post"}],"author":[{"embeddable":true,"href":"https:\/\/consbelohorizonte.esteri.it\/pt\/wp-json\/wp\/v2\/users\/20"}],"replies":[{"embeddable":true,"href":"https:\/\/consbelohorizonte.esteri.it\/pt\/wp-json\/wp\/v2\/comments?post=3787"}],"version-history":[{"count":1,"href":"https:\/\/consbelohorizonte.esteri.it\/pt\/wp-json\/wp\/v2\/posts\/3787\/revisions"}],"predecessor-version":[{"id":3789,"href":"https:\/\/consbelohorizonte.esteri.it\/pt\/wp-json\/wp\/v2\/posts\/3787\/revisions\/3789"}],"wp:attachment":[{"href":"https:\/\/consbelohorizonte.esteri.it\/pt\/wp-json\/wp\/v2\/media?parent=3787"}],"wp:term":[{"taxonomy":"post_tag","embeddable":true,"href":"https:\/\/consbelohorizonte.esteri.it\/pt\/wp-json\/wp\/v2\/tags?post=3787"}],"curies":[{"name":"wp","href":"https:\/\/api.w.org\/{rel}","templated":true}]}}