{"id":3756,"date":"2024-04-20T10:25:39","date_gmt":"2024-04-20T13:25:39","guid":{"rendered":"https:\/\/consbelohorizonte.esteri.it\/news\/dal_consolato\/2024\/04\/minas-trend-made-in-italy-pesquisas-iniciativas-e-inovacoes-do-ecossistema-da-moda-italiana\/"},"modified":"2024-08-16T10:33:51","modified_gmt":"2024-08-16T13:33:51","slug":"minas-trend-made-in-italy-pesquisas-iniciativas-e-inovacoes-do-ecossistema-da-moda-italiana","status":"publish","type":"post","link":"https:\/\/consbelohorizonte.esteri.it\/pt\/news\/dal_consolato\/2024\/04\/minas-trend-made-in-italy-pesquisas-iniciativas-e-inovacoes-do-ecossistema-da-moda-italiana\/","title":{"rendered":"MINAS TREND : Made in italy \u2013 Pesquisas, iniciativas e inova\u00e7\u00f5es do ecossistema da moda italiana"},"content":{"rendered":"<p>Em ocasi\u00e3o de primeira \u201cGiornata del Made in Italy\u201d o Consulado da It\u00e1lia em Belo Horizonte, em colabora\u00e7\u00e3o com a Casa Fiat de Cultura, trouxe a Professora Susanna Testa, PHD em design no Polit\u00e9cnico de Mil\u00e3o para a realiza\u00e7\u00e3o de duas palestras na programa\u00e7\u00e3o da 31\u00ba edi\u00e7\u00e3o do Minas Trend.<\/p>\n<p>O Minas Trend surgiu para fortalecer a ind\u00fastria da moda mineira, consolidando-se como o principal evento do setor no Brasil. Com um alcance global, suas edi\u00e7\u00f5es re\u00fanem compradores internacionais, expositores de ponta e influenciadores, que enriquecem o evento.\u00a0 A edi\u00e7\u00e3o, em seus 5 dias (14 a 18 de abril)de dura\u00e7\u00e3o contou com mais de 5 mil visitantes ao Minas Centro, local do evento, fazendo jus como um dos grandes eventos de moda de toda a Am\u00e9rica Latina.<\/p>\n<p>No dia 17, a professora Testa realizou a palestra \u201cMade in italy \u2013 Pesquisas, iniciativas e inova\u00e7\u00f5es do ecossistema da moda italiana\u201d no Minas Centro, com entrada franca, integrando ao evento um pouco da Semana do Made in italy, que tem como um de seus pilares a moda e tradi\u00e7\u00e3o est\u00e9tica italiana, a hist\u00f3ria e a arte aliada \u00e0 busca pela inova\u00e7\u00e3o.<\/p>\n<p>J\u00e1 no dia seguinte, 18 de maio, a designer italiana realizou mais uma palestra, dessa vez na Casa Fiat de Cultura, com o t\u00edtulo \u201cDesafios Contempor\u00e2neos da Moda Italiana: Sustentabilidade e Revolu\u00e7\u00e3o Digital\u201d onde evidenciou o DNA italiano na ind\u00fastria enquanto comentou os desafios no desenvolvimento da ind\u00fastria e precau\u00e7\u00f5es a serem tomadas ao inovar. A palestra de Susanna Testa contou com a participa\u00e7\u00e3o da C\u00f4nsul da It\u00e1lia em Belo Horizonte, Nicoletta Gomiero, que destacou a converg\u00eancia entre a moda mineira e a italiana na busca por inova\u00e7\u00e3o e tecnologia.<\/p>\n<p>Ambas as palestras foram feitas em italiano e simultaneamente traduzidas para o portugu\u00eas.<\/p>\n<p>Esta edi\u00e7\u00e3o do Minas Trend \u00e9 uma realiza\u00e7\u00e3o do SESI, do SENAI e da FIEMG, com apoio m\u00e1ster do Sebrae-MG, patroc\u00ednio da C\u00e2mara de Dirigentes Lojistas de Belo Horizonte (CDL-BH), da Codemge, do Senac (Sistema Fecom\u00e9rcio) e da Bling e conta com apoio do Jornal Estado de Minas, UNA, IEL-MG e Consulado da It\u00e1lia em Belo Horizonte.<\/p>\n","protected":false},"excerpt":{"rendered":"Em ocasi\u00e3o de primeira \u201cGiornata del Made in Italy\u201d o Consulado da It\u00e1lia em Belo Horizonte, em colabora\u00e7\u00e3o com a Casa Fiat de Cultura, trouxe a Professora Susanna Testa, PHD em design no Polit\u00e9cnico de Mil\u00e3o para a realiza\u00e7\u00e3o de duas palestras na programa\u00e7\u00e3o da 31\u00ba edi\u00e7\u00e3o do Minas Trend. O Minas Trend surgiu para [&hellip;]","protected":false},"author":20,"featured_media":0,"comment_status":"closed","ping_status":"closed","sticky":false,"template":"","format":"standard","meta":{"footnotes":""},"tags":[],"class_list":["post-3756","post","type-post","status-publish","format-standard","hentry"],"_links":{"self":[{"href":"https:\/\/consbelohorizonte.esteri.it\/pt\/wp-json\/wp\/v2\/posts\/3756","targetHints":{"allow":["GET"]}}],"collection":[{"href":"https:\/\/consbelohorizonte.esteri.it\/pt\/wp-json\/wp\/v2\/posts"}],"about":[{"href":"https:\/\/consbelohorizonte.esteri.it\/pt\/wp-json\/wp\/v2\/types\/post"}],"author":[{"embeddable":true,"href":"https:\/\/consbelohorizonte.esteri.it\/pt\/wp-json\/wp\/v2\/users\/20"}],"replies":[{"embeddable":true,"href":"https:\/\/consbelohorizonte.esteri.it\/pt\/wp-json\/wp\/v2\/comments?post=3756"}],"version-history":[{"count":1,"href":"https:\/\/consbelohorizonte.esteri.it\/pt\/wp-json\/wp\/v2\/posts\/3756\/revisions"}],"predecessor-version":[{"id":3758,"href":"https:\/\/consbelohorizonte.esteri.it\/pt\/wp-json\/wp\/v2\/posts\/3756\/revisions\/3758"}],"wp:attachment":[{"href":"https:\/\/consbelohorizonte.esteri.it\/pt\/wp-json\/wp\/v2\/media?parent=3756"}],"wp:term":[{"taxonomy":"post_tag","embeddable":true,"href":"https:\/\/consbelohorizonte.esteri.it\/pt\/wp-json\/wp\/v2\/tags?post=3756"}],"curies":[{"name":"wp","href":"https:\/\/api.w.org\/{rel}","templated":true}]}}