{"id":3741,"date":"2024-03-14T14:20:12","date_gmt":"2024-03-14T17:20:12","guid":{"rendered":"https:\/\/consbelohorizonte.esteri.it\/news\/dal_consolato\/2024\/03\/italian-design-day-fabricar-valor-inclusao-inovacao-e-sustentabilidade\/"},"modified":"2024-08-14T14:23:02","modified_gmt":"2024-08-14T17:23:02","slug":"italian-design-day-fabricar-valor-inclusao-inovacao-e-sustentabilidade","status":"publish","type":"post","link":"https:\/\/consbelohorizonte.esteri.it\/pt\/news\/dal_consolato\/2024\/03\/italian-design-day-fabricar-valor-inclusao-inovacao-e-sustentabilidade\/","title":{"rendered":"Italian Design Day &#8211; Fabricar valor: inclus\u00e3o, inova\u00e7\u00e3o e sustentabilidade"},"content":{"rendered":"<p class=\"_ap3a _aaco _aacu _aacx _aad7 _aade\" dir=\"auto\">Em mar\u00e7o celebramos o Italian Design Day \ud83c\uddee\ud83c\uddf9, data que promove o design italiano e seu mobili\u00e1rio.<\/p>\n<p>Para marcar as comemora\u00e7\u00f5es, o Consulado da It\u00e1lia em Belo Horizonte e a Casa Fiat de Cultura re\u00fane a designer de ambientes e professora da Escola de Design da UEMG , Maria L\u00facia Machado , e a arquiteta e curadora de viagens Giovanna De Giacomo, para um bate-papo sobre o Salone del Mobile di Milano \u2013 maior evento do setor de design e arquitetura do mundo.<\/p>\n<p>A 62\u00aa edi\u00e7\u00e3o do evento acontece de 16 a 22 de abril e apresentar\u00e1 inova\u00e7\u00f5es relacionadas \u00e0 neuroci\u00eancia, al\u00e9m de grandes marcas italianas e internacionais exibindo seus lan\u00e7amentos, pesquisas e cria\u00e7\u00f5es.<\/p>\n<p>O tema do Italian Design Day de 2024 traz a inclus\u00e3o, a inova\u00e7\u00e3o e a sustentabilidade como formas de fabricar valor, fortalecendo, ainda, o movimento do Salone del Mobile como papel vital no crescimento e na proje\u00e7\u00e3o do design italiano no cen\u00e1rio global.<\/p>\n<p>\ud83c\udfac <a href=\"https:\/\/youtu.be\/0FQKsoYC6tw?feature=shared\">Assista ao v\u00eddeo completo no canal do Consulado no YouTube.<\/a><\/p>\n<p dir=\"auto\">\n","protected":false},"excerpt":{"rendered":"Em mar\u00e7o celebramos o Italian Design Day \ud83c\uddee\ud83c\uddf9, data que promove o design italiano e seu mobili\u00e1rio. Para marcar as comemora\u00e7\u00f5es, o Consulado da It\u00e1lia em Belo Horizonte e a Casa Fiat de Cultura re\u00fane a designer de ambientes e professora da Escola de Design da UEMG , Maria L\u00facia Machado , e a arquiteta [&hellip;]","protected":false},"author":20,"featured_media":3743,"comment_status":"closed","ping_status":"closed","sticky":false,"template":"","format":"standard","meta":{"footnotes":""},"tags":[],"class_list":["post-3741","post","type-post","status-publish","format-standard","has-post-thumbnail","hentry"],"_links":{"self":[{"href":"https:\/\/consbelohorizonte.esteri.it\/pt\/wp-json\/wp\/v2\/posts\/3741","targetHints":{"allow":["GET"]}}],"collection":[{"href":"https:\/\/consbelohorizonte.esteri.it\/pt\/wp-json\/wp\/v2\/posts"}],"about":[{"href":"https:\/\/consbelohorizonte.esteri.it\/pt\/wp-json\/wp\/v2\/types\/post"}],"author":[{"embeddable":true,"href":"https:\/\/consbelohorizonte.esteri.it\/pt\/wp-json\/wp\/v2\/users\/20"}],"replies":[{"embeddable":true,"href":"https:\/\/consbelohorizonte.esteri.it\/pt\/wp-json\/wp\/v2\/comments?post=3741"}],"version-history":[{"count":1,"href":"https:\/\/consbelohorizonte.esteri.it\/pt\/wp-json\/wp\/v2\/posts\/3741\/revisions"}],"predecessor-version":[{"id":3746,"href":"https:\/\/consbelohorizonte.esteri.it\/pt\/wp-json\/wp\/v2\/posts\/3741\/revisions\/3746"}],"wp:featuredmedia":[{"embeddable":true,"href":"https:\/\/consbelohorizonte.esteri.it\/pt\/wp-json\/wp\/v2\/media\/3743"}],"wp:attachment":[{"href":"https:\/\/consbelohorizonte.esteri.it\/pt\/wp-json\/wp\/v2\/media?parent=3741"}],"wp:term":[{"taxonomy":"post_tag","embeddable":true,"href":"https:\/\/consbelohorizonte.esteri.it\/pt\/wp-json\/wp\/v2\/tags?post=3741"}],"curies":[{"name":"wp","href":"https:\/\/api.w.org\/{rel}","templated":true}]}}