{"id":3650,"date":"2024-08-07T15:47:23","date_gmt":"2024-08-07T18:47:23","guid":{"rendered":"https:\/\/consbelohorizonte.esteri.it\/?p=3650"},"modified":"2024-08-07T15:47:59","modified_gmt":"2024-08-07T18:47:59","slug":"mensagem-do-vice-primeiro-ministro-e-ministro-das-relacoes-exteriores-e-cooperacao-internacional-antonio-tajani-por-ocasiao-do-68o-aniversario-do-desastre-de-marcinelle","status":"publish","type":"post","link":"https:\/\/consbelohorizonte.esteri.it\/pt\/news\/dal_consolato\/2024\/08\/mensagem-do-vice-primeiro-ministro-e-ministro-das-relacoes-exteriores-e-cooperacao-internacional-antonio-tajani-por-ocasiao-do-68o-aniversario-do-desastre-de-marcinelle\/","title":{"rendered":"Mensagem do Vice- Primeiro Ministro e Ministro das Rela\u00e7\u00f5es Exteriores e Coopera\u00e7\u00e3o Internacional, Antonio Tajani, por ocasi\u00e3o do 68\u00ba anivers\u00e1rio do desastre de Marcinelle."},"content":{"rendered":"<p>Por ocasi\u00e3o do dia 8 de agosto, celebra-se o \u201cDia Nacional do Sacrif\u00edcio do Trabalho Italiano no Mundo\u201d, que coincide com a comemora\u00e7\u00e3o do acidente mineiro de Marcinelle, acontecido na B\u00e9lgica, onde em 1956, 262 mineiros perderam a vida no Bois du Mina Cazier, incluindo 136 italianos.<\/p>\n<p>Para a ocasi\u00e3o, o Ilustre Vice-Presidente do Conselho e Ministro das Rela\u00e7\u00f5es Exteriores e Coopera\u00e7\u00e3o Internacional dirigiu aos seus compatriotas no estrangeiro a seguinte <a href=\"https:\/\/consbelohorizonte.esteri.it\/wp-content\/uploads\/2024\/08\/MESSAGGIO-VP-TAJANI-COMMEMORAZIONE-MARCINELLE.pdf\"><strong>mensagem.<\/strong><\/a><\/p>\n","protected":false},"excerpt":{"rendered":"Por ocasi\u00e3o do dia 8 de agosto, celebra-se o \u201cDia Nacional do Sacrif\u00edcio do Trabalho Italiano no Mundo\u201d, que coincide com a comemora\u00e7\u00e3o do acidente mineiro de Marcinelle, acontecido na B\u00e9lgica, onde em 1956, 262 mineiros perderam a vida no Bois du Mina Cazier, incluindo 136 italianos. Para a ocasi\u00e3o, o Ilustre Vice-Presidente do Conselho [&hellip;]","protected":false},"author":20,"featured_media":0,"comment_status":"closed","ping_status":"closed","sticky":false,"template":"","format":"standard","meta":{"footnotes":""},"tags":[],"class_list":["post-3650","post","type-post","status-publish","format-standard","hentry"],"_links":{"self":[{"href":"https:\/\/consbelohorizonte.esteri.it\/pt\/wp-json\/wp\/v2\/posts\/3650","targetHints":{"allow":["GET"]}}],"collection":[{"href":"https:\/\/consbelohorizonte.esteri.it\/pt\/wp-json\/wp\/v2\/posts"}],"about":[{"href":"https:\/\/consbelohorizonte.esteri.it\/pt\/wp-json\/wp\/v2\/types\/post"}],"author":[{"embeddable":true,"href":"https:\/\/consbelohorizonte.esteri.it\/pt\/wp-json\/wp\/v2\/users\/20"}],"replies":[{"embeddable":true,"href":"https:\/\/consbelohorizonte.esteri.it\/pt\/wp-json\/wp\/v2\/comments?post=3650"}],"version-history":[{"count":2,"href":"https:\/\/consbelohorizonte.esteri.it\/pt\/wp-json\/wp\/v2\/posts\/3650\/revisions"}],"predecessor-version":[{"id":3654,"href":"https:\/\/consbelohorizonte.esteri.it\/pt\/wp-json\/wp\/v2\/posts\/3650\/revisions\/3654"}],"wp:attachment":[{"href":"https:\/\/consbelohorizonte.esteri.it\/pt\/wp-json\/wp\/v2\/media?parent=3650"}],"wp:term":[{"taxonomy":"post_tag","embeddable":true,"href":"https:\/\/consbelohorizonte.esteri.it\/pt\/wp-json\/wp\/v2\/tags?post=3650"}],"curies":[{"name":"wp","href":"https:\/\/api.w.org\/{rel}","templated":true}]}}