{"id":3203,"date":"2024-06-06T13:06:34","date_gmt":"2024-06-06T16:06:34","guid":{"rendered":"https:\/\/consbelohorizonte.esteri.it\/?p=3203"},"modified":"2024-06-07T09:04:44","modified_gmt":"2024-06-07T12:04:44","slug":"novo-servico-aos-usuarios-assistente-virtual-chatbot","status":"publish","type":"post","link":"https:\/\/consbelohorizonte.esteri.it\/pt\/news\/dal_consolato\/2024\/06\/novo-servico-aos-usuarios-assistente-virtual-chatbot\/","title":{"rendered":"NOVO SERVI\u00c7O AOS USU\u00c1RIOS: ASSISTENTE VIRTUAL \u2013 CHATBOT"},"content":{"rendered":"<p style=\"text-align: justify;\">A partir de hoje, o assistente virtual est\u00e1 ativo no site deste Consulado-Geral.<\/p>\n<p style=\"text-align: justify;\">A partir de hoje, o site do Consulado-Geral em Belo Horizonte oferece uma nova ferramenta de assist\u00eancia. Est\u00e1 agora ativo o assistente virtual (&#8220;chatbot&#8221;) do nosso site, um programa que ser\u00e1 capaz de responder a uma vasta gama de perguntas sobre os servi\u00e7os consulares.<br \/>\nO Chatbot simula uma conversa via chat e, atrav\u00e9s de um percurso preestabelecido de perguntas e respostas, ser\u00e1 capaz de guiar os usu\u00e1rios para as informa\u00e7\u00f5es de que precisam.<\/p>\n<p style=\"text-align: justify;\">O aplicativo foi apresentado no dia 8 de fevereiro em Roma pelo Secret\u00e1rio-Geral da Farnesina, Embaixador Riccardo Guariglia, para ser ativado no site do Minist\u00e9rio das Rela\u00e7\u00f5es Exteriores e Coopera\u00e7\u00e3o Internacional e nos sites das representa\u00e7\u00f5es diplom\u00e1ticas-consulares italianas, incluindo o Consulado-Geral em Belo Horizonte.<\/p>\n<p style=\"text-align: justify;\">&#8220;O Minist\u00e9rio das Rela\u00e7\u00f5es Exteriores n\u00e3o se ocupa apenas de pol\u00edtica externa em sentido estrito. Oferecemos uma vasta gama de servi\u00e7os aos usu\u00e1rios, tanto na Farnesina quanto nas mais de 200 representa\u00e7\u00f5es diplom\u00e1ticas-consulares italianas no mundo&#8221;, afirmou o Embaixador Guariglia, que testou pessoalmente o aplicativo e lembrou que &#8220;o MAECI est\u00e1 entre as primeiras administra\u00e7\u00f5es italianas a adotar tal ferramenta em grande escala, como prova da grande aten\u00e7\u00e3o prestada aos temas de inova\u00e7\u00e3o digital e da qualidade dos servi\u00e7os prestados aos usu\u00e1rios&#8221;.<\/p>\n<p style=\"text-align: justify;\">Presentes ao evento, o Diretor-Geral para a Diplomacia P\u00fablica e Cultural, Alessandro De Pedys, e o Diretor-Geral para os Italianos no Exterior e Pol\u00edticas Migrat\u00f3rias, Luigi Maria Vignali, sublinharam a relev\u00e2ncia da ferramenta para melhorar a qualidade do servi\u00e7o oferecido aos usu\u00e1rios e o empenho da Farnesina na inova\u00e7\u00e3o digital.<\/p>\n<div id=\"tooltip-tag-f3a23x80\"><\/div>\n","protected":false},"excerpt":{"rendered":"A partir de hoje, o assistente virtual est\u00e1 ativo no site deste Consulado-Geral. A partir de hoje, o site do Consulado-Geral em Belo Horizonte oferece uma nova ferramenta de assist\u00eancia. Est\u00e1 agora ativo o assistente virtual (&#8220;chatbot&#8221;) do nosso site, um programa que ser\u00e1 capaz de responder a uma vasta gama de perguntas sobre os [&hellip;]","protected":false},"author":7,"featured_media":3222,"comment_status":"closed","ping_status":"closed","sticky":false,"template":"","format":"standard","meta":{"footnotes":""},"tags":[],"class_list":["post-3203","post","type-post","status-publish","format-standard","has-post-thumbnail","hentry"],"_links":{"self":[{"href":"https:\/\/consbelohorizonte.esteri.it\/pt\/wp-json\/wp\/v2\/posts\/3203","targetHints":{"allow":["GET"]}}],"collection":[{"href":"https:\/\/consbelohorizonte.esteri.it\/pt\/wp-json\/wp\/v2\/posts"}],"about":[{"href":"https:\/\/consbelohorizonte.esteri.it\/pt\/wp-json\/wp\/v2\/types\/post"}],"author":[{"embeddable":true,"href":"https:\/\/consbelohorizonte.esteri.it\/pt\/wp-json\/wp\/v2\/users\/7"}],"replies":[{"embeddable":true,"href":"https:\/\/consbelohorizonte.esteri.it\/pt\/wp-json\/wp\/v2\/comments?post=3203"}],"version-history":[{"count":2,"href":"https:\/\/consbelohorizonte.esteri.it\/pt\/wp-json\/wp\/v2\/posts\/3203\/revisions"}],"predecessor-version":[{"id":3212,"href":"https:\/\/consbelohorizonte.esteri.it\/pt\/wp-json\/wp\/v2\/posts\/3203\/revisions\/3212"}],"wp:featuredmedia":[{"embeddable":true,"href":"https:\/\/consbelohorizonte.esteri.it\/pt\/wp-json\/wp\/v2\/media\/3222"}],"wp:attachment":[{"href":"https:\/\/consbelohorizonte.esteri.it\/pt\/wp-json\/wp\/v2\/media?parent=3203"}],"wp:term":[{"taxonomy":"post_tag","embeddable":true,"href":"https:\/\/consbelohorizonte.esteri.it\/pt\/wp-json\/wp\/v2\/tags?post=3203"}],"curies":[{"name":"wp","href":"https:\/\/api.w.org\/{rel}","templated":true}]}}