{"id":2864,"date":"2024-02-08T10:12:34","date_gmt":"2024-02-08T13:12:34","guid":{"rendered":"https:\/\/consbelohorizonte.esteri.it\/?p=2864"},"modified":"2024-02-08T16:17:50","modified_gmt":"2024-02-08T19:17:50","slug":"consulado-da-italia-e-muvit-mg-promovem-curso-gratuito-no-dia-nacional-do-imigrante-italiano","status":"publish","type":"post","link":"https:\/\/consbelohorizonte.esteri.it\/pt\/news\/dal_consolato\/2024\/02\/consulado-da-italia-e-muvit-mg-promovem-curso-gratuito-no-dia-nacional-do-imigrante-italiano\/","title":{"rendered":"CONSULADO DA IT\u00c1LIA E MUVIT MG PROMOVEM CURSO GRATUITO NO DIA NACIONAL DO IMIGRANTE ITALIANO"},"content":{"rendered":"<p><em>A iniciativa online abre as celebra\u00e7\u00f5es dos 150 anos da imigra\u00e7\u00e3o italiana no Brasil. <\/em><\/p>\n<p><em>\u00a0<\/em>O Consulado da It\u00e1lia em Belo Horizonte, em parceria com o Museu Virtual da Imigra\u00e7\u00e3o Italiana em Minas Gerais (Muvit MG) e a Associa\u00e7\u00e3o Ponte entre Culturas, promove o curso: <strong>\u201cItalianos no Brasil e italianos do Brasil \u2013 emigrantes, imigrados e \u00edtalo-descendentes\u201d.<\/strong><\/p>\n<p>A <strong>aula de estreia acontece no dia 21 de fevereiro<\/strong>, data em que se celebra o Dia Nacional do Imigrante Italiano, e ser\u00e1 ministrada pelo historiador Emilio Franzina, considerado um dos maiores pesquisadores da hist\u00f3ria da emigra\u00e7\u00e3o italiana na Am\u00e9rica e no Brasil.<\/p>\n<p>Gratuito e aberto a todos os interessados, o curso ser\u00e1 transmitido em italiano no canal <a href=\"https:\/\/www.youtube.com\/@muvitmg\">Youtube @muvitmg<\/a>\u00a0 com a op\u00e7\u00e3o de assistir a vers\u00e3o com tradu\u00e7\u00e3o simult\u00e2nea em portugu\u00eas.<\/p>\n<p>Ser\u00e3o <strong>oito encontros &#8211; \u00e0s quartas-feiras, \u00e0s 10<\/strong> &#8211; que abordar\u00e3o aspectos hist\u00f3ricos, culturais, pol\u00edticos e sociais da imigra\u00e7\u00e3o italiana no Brasil e as rela\u00e7\u00f5es bilaterais entre Brasil e It\u00e1lia ao longo de dois s\u00e9culos.<\/p>\n<p>Em algumas aulas, convidados de destaque, como Angelo Trento, autor do livro <em>Do outro lado do Atl\u00e2ntico: um s\u00e9culo de imigra\u00e7\u00e3o italiana no Brasil<\/em>, Editora Unesp, contribuir\u00e3o para a compreens\u00e3o do tema.<\/p>\n<p><strong>\u00a0<\/strong><\/p>\n<p><strong>150 anos da Imigra\u00e7\u00e3o Italiana no Brasil<\/strong><\/p>\n<p><strong>\u00a0<\/strong>O Dia Nacional do Imigrante italiano foi institu\u00eddo com a Lei n. 11.687, de 2 de junho de 2008, em mem\u00f3ria da hist\u00f3rica expedi\u00e7\u00e3o de Pietro Tabacchi ao Esp\u00edrito Santo, em 1874, evento que simboliza o in\u00edcio do processo de migra\u00e7\u00e3o em massa de italianos para o Brasil.<\/p>\n<p>Em 2024, a data de 21 de fevereiro marca tamb\u00e9m a abertura das comemora\u00e7\u00f5es dos 150 anos da Imigra\u00e7\u00e3o Italiana no Brasil. Ao longo deste ano, haver\u00e1 diversas iniciativas em todo Brasil, promovidas por institui\u00e7\u00f5es e entidades italianas e brasileiras no intuito de celebrar as fortes rela\u00e7\u00f5es que unem os dois pa\u00edses.<\/p>\n<p><strong>\u00a0<\/strong><\/p>\n<p><strong>Sobre o Muvit MG<\/strong><\/p>\n<p><strong>\u00a0<\/strong>O Museu Virtual nasce com o objetivo de preservar os registros documentais e hist\u00f3rico-culturais da presen\u00e7a italiana no estado de Minas, bem como numerosos acervos particulares que representam um patrim\u00f4nio coletivo em situa\u00e7\u00e3o de risco.<\/p>\n<p>O Museu tem tamb\u00e9m a finalidade de divulgar e fomentar novas pesquisas sobre o assunto, servindo como ponto de acesso p\u00fablico a todos os interessados.\u00a0 Saiba mais: <a href=\"http:\/\/www.muvitmg.org.br\">www.muvitmg.org.br<\/a><\/p>\n<p>&nbsp;<\/p>\n<p><strong>Servi\u00e7o<\/strong><\/p>\n<p><strong>\u00a0<\/strong>Evento: Curso \u201cItalianos no Brasil e italianos do Brasil: emigrantes, imigrados e \u00edtalo-descendentes\u201d.<\/p>\n<p>Ministrante: Em\u00edlio Franzina<\/p>\n<p>Aula de estr\u00e9ia: 21\/02\/24, \u00e0s 10h<\/p>\n<p>Onde: <a href=\"https:\/\/www.youtube.com\/@muvitmg\">Canal Youtube @muvitmg<\/a><\/p>\n<p>Acesso: Gratuito e online.<\/p>\n<p>Idioma: Italiano com op\u00e7\u00e3o de tradu\u00e7\u00e3o simult\u00e2nea em portugu\u00eas.<\/p>\n<p>Realiza\u00e7\u00e3o: Consulado da It\u00e1lia em Belo Horizonte, Muvit MG e Ponte entre Culturas<\/p>\n<p>&nbsp;<\/p>\n<p><em>Contato assessoria de comunica\u00e7\u00e3o:\u00a0 Vivian Cristiane Teixeira\u00a0 (31) 99195-0147<\/em><\/p>\n","protected":false},"excerpt":{"rendered":"A iniciativa online abre as celebra\u00e7\u00f5es dos 150 anos da imigra\u00e7\u00e3o italiana no Brasil. \u00a0O Consulado da It\u00e1lia em Belo Horizonte, em parceria com o Museu Virtual da Imigra\u00e7\u00e3o Italiana em Minas Gerais (Muvit MG) e a Associa\u00e7\u00e3o Ponte entre Culturas, promove o curso: \u201cItalianos no Brasil e italianos do Brasil \u2013 emigrantes, imigrados e [&hellip;]","protected":false},"author":20,"featured_media":2866,"comment_status":"closed","ping_status":"closed","sticky":false,"template":"","format":"standard","meta":{"footnotes":""},"tags":[],"class_list":["post-2864","post","type-post","status-publish","format-standard","has-post-thumbnail","hentry"],"_links":{"self":[{"href":"https:\/\/consbelohorizonte.esteri.it\/pt\/wp-json\/wp\/v2\/posts\/2864","targetHints":{"allow":["GET"]}}],"collection":[{"href":"https:\/\/consbelohorizonte.esteri.it\/pt\/wp-json\/wp\/v2\/posts"}],"about":[{"href":"https:\/\/consbelohorizonte.esteri.it\/pt\/wp-json\/wp\/v2\/types\/post"}],"author":[{"embeddable":true,"href":"https:\/\/consbelohorizonte.esteri.it\/pt\/wp-json\/wp\/v2\/users\/20"}],"replies":[{"embeddable":true,"href":"https:\/\/consbelohorizonte.esteri.it\/pt\/wp-json\/wp\/v2\/comments?post=2864"}],"version-history":[{"count":1,"href":"https:\/\/consbelohorizonte.esteri.it\/pt\/wp-json\/wp\/v2\/posts\/2864\/revisions"}],"predecessor-version":[{"id":2867,"href":"https:\/\/consbelohorizonte.esteri.it\/pt\/wp-json\/wp\/v2\/posts\/2864\/revisions\/2867"}],"wp:featuredmedia":[{"embeddable":true,"href":"https:\/\/consbelohorizonte.esteri.it\/pt\/wp-json\/wp\/v2\/media\/2866"}],"wp:attachment":[{"href":"https:\/\/consbelohorizonte.esteri.it\/pt\/wp-json\/wp\/v2\/media?parent=2864"}],"wp:term":[{"taxonomy":"post_tag","embeddable":true,"href":"https:\/\/consbelohorizonte.esteri.it\/pt\/wp-json\/wp\/v2\/tags?post=2864"}],"curies":[{"name":"wp","href":"https:\/\/api.w.org\/{rel}","templated":true}]}}