{"id":2840,"date":"2023-11-01T10:58:25","date_gmt":"2023-11-01T13:58:25","guid":{"rendered":"https:\/\/consbelohorizonte.esteri.it\/?p=2840"},"modified":"2024-02-01T11:10:49","modified_gmt":"2024-02-01T14:10:49","slug":"o-consulado-da-italia-em-minas-gerais-oferece-a-cidade-de-belo-horizonte-e-itabira-dois-grandes-murais-do-artista-italiano-millo-em-ocasiao-da-xix-edicao-da-giornata-del-contemporaneo","status":"publish","type":"post","link":"https:\/\/consbelohorizonte.esteri.it\/pt\/news\/dal_consolato\/2023\/11\/o-consulado-da-italia-em-minas-gerais-oferece-a-cidade-de-belo-horizonte-e-itabira-dois-grandes-murais-do-artista-italiano-millo-em-ocasiao-da-xix-edicao-da-giornata-del-contemporaneo\/","title":{"rendered":"O Consulado da It\u00e1lia em Minas Gerais oferece \u00e0 cidade de Belo Horizonte e Itabira dois grandes murais do artista italiano Millo em ocasi\u00e3o da XIX Edi\u00e7\u00e3o da Giornata del Contemporaneo"},"content":{"rendered":"<p>Em ocasi\u00e3o da XIX Edi\u00e7\u00e3o da Giornata del Contemporaneo, no m\u00eas de outubro, o Consulado da It\u00e1lia em Belo Horizonte trouxe pela primeira vez no Brasil o artista Millo, um dos principais nome da arte urbana contempor\u00e2nea a n\u00edvel mundial.<\/p>\n<p>O primeiro mural realizado por Millo foi feito a convite do MAPA \u2013 Mostra de Arte P\u00fablica, primeiro festival de arte p\u00fablica de Itabira, realizado pela prefeitura de Itabira e Associa\u00e7\u00e3o Cultural Casinha com curadoria da P\u00fablica, homenageia o poeta itabirano Carlos Drummond de Andrade.<\/p>\n<p>\u00danico artista estrangeiro a participar do evento, Millo realizou uma obra na principal arteira comercial da cidade. Em homenagem ao poeta itabirano, Carlos Drummond de Andrede e \u00e0 sua c\u00e8lebre frase \u201cO vento \u00e9 conting\u00eancia, que pode soprar tamb\u00e9m contra os poderosos. E o papagaio sabe rir do vento, explorando-o, brincando com ele, enquanto o vento sup\u00f5e que est\u00e1 mandando no papagaio.\u201d, Millo estampou a inoc\u00eancia e a liberdade em um mural de quase 400m2. Agora, quem passa pela av. Jo\u00e3o Pinheiro e olha para o c\u00e9u, pode avistar um personagem gigante sobrevoando a cidade sobre uma pipa.<\/p>\n<p>Na segunda etapa do progeto, Millo se deslocou \u00e0 Belo Horizonte, para o hist\u00f3rico bairro da Lagoinha, conhecido por ser o ber\u00e7o da hist\u00f3ria da cidade, al\u00e9m de primeiro bairro a receber os imigrantes italianos.<\/p>\n<p>Para desenvolver a obra na regi\u00e3o da Lagoinha, Millo fez um passeio pelo bairro com Filipe Thales, coordenador do Viva Lagoinha, iniciativa que promove a requalifica\u00e7\u00e3o do territ\u00f3rio por meio da ocupa\u00e7\u00e3o art\u00edstica e cultural. O artista realizou uma obra de 200m\u00b2, que condensa v\u00e1rias camadas de significado do bairro como a popula\u00e7\u00e3o que vive de coleta e venda de sucatas, esse cora\u00e7\u00e3o grande que une toda a popula\u00e7\u00e3o que luta pela requalifica\u00e7\u00e3o do bairro e tamb\u00e9m articula com a tem\u00e1tica de sustentabilidade da <em>Giornata del contemporaneo<\/em> ao trazer o tema da reciclagem. O mural traz na sua centralidade um personagem que carrega v\u00e1rias sucatas que, juntas, t\u00eam um formato de cora\u00e7\u00e3o.<\/p>\n<p>Millo, nome art\u00edstico de Francesco Camillo Giorgino, pinta murais em grande escala que mostram habitantes amiga\u0301veis explorando seu ambiente urbano. Ele usa linhas simples em preto e branco com trac\u0327os de cor quando necessa\u0301rio, e muitas vezes incorpora elementos de arquitetura em suas pinturas. O artista participou dos principais festivais de arte urbana do mundo e \u00e9 um dos principais nomes da arte contempor\u00e2nea urbana mundial.<\/p>\n<p>&nbsp;<\/p>\n<p><em><u>Giornata del Contemporaneo<\/u><\/em><\/p>\n<p>&nbsp;<\/p>\n<p>A Giornata del Contemporaneo, iniciativa que objetiva refletir sobre as poss\u00edveis intera\u00e7\u00f5es entre arte, design e ci\u00eancia, valorizando a arte contempor\u00e2nea italiana no mundo. O tema da Giornata del Contemporaneo 2023 \u00e9 o tema da ecologia, conectado ao da sustentabilidade ambiental.<\/p>\n<p>A iniciativa \u00e9 promovida pela AMACI &#8211; Associa\u00e7\u00e3o dos Museus de arte contempor\u00e2nea com o apoio da Dire\u00e7\u00e3o de Criatividade Contempor\u00e2nea do Minist\u00e9rio da Cultura Italiano.<\/p>\n<p><strong>MAPA Festival &#8211; <\/strong>Mural localizado na Av. Jo\u00e3o Pinheiro, 475. Centro. Itabira\/MG<\/p>\n<p>Artista: Millo (It\u00e1lia), outubro de 2023<\/p>\n<p>Realiza\u00e7\u00e3o: Prefeitura de Itabira e Associa\u00e7\u00e3o Cultural Cultural<\/p>\n<p>Produ\u00e7\u00e3o e curadoria: P\u00fablica<\/p>\n<p>Parceria: Consulado da It\u00e1lia em Belo Horizonte \/ Giornata del Contemporaneo\/ AMACI &#8211; Associa\u00e7\u00e3o dos Museus de arte contempor\u00e2nea italianos<\/p>\n<p><strong>MURAL Lagoinha &#8211; <\/strong>Mural localizado na Rua Itapecerica, 508. Lagoinha. Belo Horizonte\/MG<\/p>\n<p>Artista: Millo (It\u00e1lia), outubro de 2023<\/p>\n<p>Realiza\u00e7\u00e3o: Consulado da It\u00e1lia em Belo Horizonte &#8211; Giornata del Contemporaneo\/ AMACI &#8211; Associa\u00e7\u00e3o dos Museus de arte contempor\u00e2nea italianos<\/p>\n<p>Produ\u00e7\u00e3o e curadoria: P\u00fablica\/Juliana Flores<\/p>\n<p>Parceria: Viva Lagoinha\/Filipe Thales<\/p>\n<p>Apoio: Prefeitura de Belo Horizonte<\/p>\n","protected":false},"excerpt":{"rendered":"Em ocasi\u00e3o da XIX Edi\u00e7\u00e3o da Giornata del Contemporaneo, no m\u00eas de outubro, o Consulado da It\u00e1lia em Belo Horizonte trouxe pela primeira vez no Brasil o artista Millo, um dos principais nome da arte urbana contempor\u00e2nea a n\u00edvel mundial. O primeiro mural realizado por Millo foi feito a convite do MAPA \u2013 Mostra de [&hellip;]","protected":false},"author":20,"featured_media":2835,"comment_status":"closed","ping_status":"closed","sticky":false,"template":"","format":"standard","meta":{"footnotes":""},"tags":[],"class_list":["post-2840","post","type-post","status-publish","format-standard","has-post-thumbnail","hentry"],"_links":{"self":[{"href":"https:\/\/consbelohorizonte.esteri.it\/pt\/wp-json\/wp\/v2\/posts\/2840","targetHints":{"allow":["GET"]}}],"collection":[{"href":"https:\/\/consbelohorizonte.esteri.it\/pt\/wp-json\/wp\/v2\/posts"}],"about":[{"href":"https:\/\/consbelohorizonte.esteri.it\/pt\/wp-json\/wp\/v2\/types\/post"}],"author":[{"embeddable":true,"href":"https:\/\/consbelohorizonte.esteri.it\/pt\/wp-json\/wp\/v2\/users\/20"}],"replies":[{"embeddable":true,"href":"https:\/\/consbelohorizonte.esteri.it\/pt\/wp-json\/wp\/v2\/comments?post=2840"}],"version-history":[{"count":1,"href":"https:\/\/consbelohorizonte.esteri.it\/pt\/wp-json\/wp\/v2\/posts\/2840\/revisions"}],"predecessor-version":[{"id":2843,"href":"https:\/\/consbelohorizonte.esteri.it\/pt\/wp-json\/wp\/v2\/posts\/2840\/revisions\/2843"}],"wp:featuredmedia":[{"embeddable":true,"href":"https:\/\/consbelohorizonte.esteri.it\/pt\/wp-json\/wp\/v2\/media\/2835"}],"wp:attachment":[{"href":"https:\/\/consbelohorizonte.esteri.it\/pt\/wp-json\/wp\/v2\/media?parent=2840"}],"wp:term":[{"taxonomy":"post_tag","embeddable":true,"href":"https:\/\/consbelohorizonte.esteri.it\/pt\/wp-json\/wp\/v2\/tags?post=2840"}],"curies":[{"name":"wp","href":"https:\/\/api.w.org\/{rel}","templated":true}]}}