{"id":2774,"date":"2024-01-25T11:53:28","date_gmt":"2024-01-25T14:53:28","guid":{"rendered":"https:\/\/consbelohorizonte.esteri.it\/?p=2774"},"modified":"2024-01-25T11:59:07","modified_gmt":"2024-01-25T14:59:07","slug":"informativo-ausencia-de-inscricao-no-a-i-r-e-no-caso-de-transferencia-da-italia-para-o-exterior","status":"publish","type":"post","link":"https:\/\/consbelohorizonte.esteri.it\/pt\/news\/dal_consolato\/2024\/01\/informativo-ausencia-de-inscricao-no-a-i-r-e-no-caso-de-transferencia-da-italia-para-o-exterior\/","title":{"rendered":"Informativo: Aus\u00eancia de inscri\u00e7\u00e3o no A.I.R.E. no caso de transfer\u00eancia da It\u00e1lia para o exterior"},"content":{"rendered":"<p>Informa-se que, em decorr\u00eancia da recente entrada em vigor do art. 1 par\u00e1grafo 242 da Lei n. 213 de 30 de dezembro de 2023, a falta de inscri\u00e7\u00e3o no A.I.R.E prev\u00ea uma san\u00e7\u00e3o de at\u00e9 1000 Euros (para cada ano em que n\u00e3o se h\u00e1 inscri\u00e7\u00e3o,\u00a0 por um m\u00e1ximo de 5 anos).<\/p>\n<p>Neste mat\u00e9ria, nota-se que a normativa em quest\u00e3o e as san\u00e7\u00f5es por ela previstas se aplicam exclusivamente aos cidad\u00e3os italianos inscritos na Anagrafe da Popula\u00e7\u00e3o Residente (APR) de um Comune na It\u00e1lia que se transferem para o exterior e n\u00e3o cumprem as obriga\u00e7\u00f5es de inscri\u00e7\u00e3o no A.I.R.E. previstas pelos par\u00e1grafos 1 e 4 do artigo 6 da lei 470\/1988.<\/p>\n<p>A apura\u00e7\u00e3o de eventuais viola\u00e7\u00f5es em mat\u00e9ria de inscri\u00e7\u00e3o anagrafica e a aplica\u00e7\u00e3o de eventuais san\u00e7\u00f5es continuam sendo de\u00a0 compet\u00eancia exclusiva dos \u201cComuni\u201d na Italia.<\/p>\n<p>Nota-se igualmente que as san\u00e7\u00f5es em quest\u00e3o n\u00e3o se aplicam \u00e0s inscri\u00e7\u00f5es anagraficas realizadas nos termos dos par\u00e1grafos c) \u201cem raz\u00e3o do registro da certid\u00e3o de nascimento\u201d e d) \u201cpor aquisi\u00e7\u00e3o da cidadania italiana por parte de uma pessoa residente no exterior\u201d do art. 2 da citada Lei 470\/88, por n\u00e3o serem efetuadas em raz\u00e3o de transfer\u00eancia da resid\u00eancia de um Comune italiano para o exterior.<\/p>\n<p>Esta normativa n\u00e3o se aplica, ent\u00e3o, \u00e0queles que nunca foram residentes na It\u00e1lia (ou seja, nunca foram inscritos na APR).<\/p>\n<p>&nbsp;<\/p>\n<p>O pedido de inscri\u00e7\u00e3o no AIRE para os residentes em nossa circunscri\u00e7\u00e3o consular dever\u00e1 ser encaminhado atrav\u00e9s do portal FAST IT. \u00a0Todas as instru\u00e7\u00f5es necess\u00e1rias s\u00e3o encontradas <a href=\"https:\/\/consbelohorizonte.esteri.it\/pt\/servizi-consolari-e-visti\/servizi-per-il-cittadino-italiano\/anagrafe-degli-italiani-residenti-allestero-aire\/\">clicando aqui<\/a>.<\/p>\n<p>&nbsp;<\/p>\n<p>A apresenta\u00e7\u00e3o do pedido de inscri\u00e7\u00e3o pelo Portal FAST IT j\u00e1 compreende o cumprimento das obriga\u00e7\u00f5es de inscri\u00e7\u00e3o no A.I.R.E.<\/p>\n","protected":false},"excerpt":{"rendered":"Informa-se que, em decorr\u00eancia da recente entrada em vigor do art. 1 par\u00e1grafo 242 da Lei n. 213 de 30 de dezembro de 2023, a falta de inscri\u00e7\u00e3o no A.I.R.E prev\u00ea uma san\u00e7\u00e3o de at\u00e9 1000 Euros (para cada ano em que n\u00e3o se h\u00e1 inscri\u00e7\u00e3o,\u00a0 por um m\u00e1ximo de 5 anos). Neste mat\u00e9ria, nota-se [&hellip;]","protected":false},"author":20,"featured_media":0,"comment_status":"closed","ping_status":"closed","sticky":false,"template":"","format":"standard","meta":{"footnotes":""},"tags":[],"class_list":["post-2774","post","type-post","status-publish","format-standard","hentry"],"_links":{"self":[{"href":"https:\/\/consbelohorizonte.esteri.it\/pt\/wp-json\/wp\/v2\/posts\/2774","targetHints":{"allow":["GET"]}}],"collection":[{"href":"https:\/\/consbelohorizonte.esteri.it\/pt\/wp-json\/wp\/v2\/posts"}],"about":[{"href":"https:\/\/consbelohorizonte.esteri.it\/pt\/wp-json\/wp\/v2\/types\/post"}],"author":[{"embeddable":true,"href":"https:\/\/consbelohorizonte.esteri.it\/pt\/wp-json\/wp\/v2\/users\/20"}],"replies":[{"embeddable":true,"href":"https:\/\/consbelohorizonte.esteri.it\/pt\/wp-json\/wp\/v2\/comments?post=2774"}],"version-history":[{"count":2,"href":"https:\/\/consbelohorizonte.esteri.it\/pt\/wp-json\/wp\/v2\/posts\/2774\/revisions"}],"predecessor-version":[{"id":2779,"href":"https:\/\/consbelohorizonte.esteri.it\/pt\/wp-json\/wp\/v2\/posts\/2774\/revisions\/2779"}],"wp:attachment":[{"href":"https:\/\/consbelohorizonte.esteri.it\/pt\/wp-json\/wp\/v2\/media?parent=2774"}],"wp:term":[{"taxonomy":"post_tag","embeddable":true,"href":"https:\/\/consbelohorizonte.esteri.it\/pt\/wp-json\/wp\/v2\/tags?post=2774"}],"curies":[{"name":"wp","href":"https:\/\/api.w.org\/{rel}","templated":true}]}}