{"id":2157,"date":"2023-10-18T13:21:59","date_gmt":"2023-10-18T16:21:59","guid":{"rendered":"https:\/\/consbelohorizonte.esteri.it\/news\/dal_consolato\/2023\/10\/conversa-com-o-prof-wander-melo-miranda-fale-ufmg-e-aml-mediada-pela-profa-anna-palma-fale-ufmg-a-relacao-entre-a-cidade-vazia-de-fernando-sabino-e-le-cosmicomiche\/"},"modified":"2023-10-18T15:43:52","modified_gmt":"2023-10-18T18:43:52","slug":"conversa-com-o-prof-wander-melo-miranda-fale-ufmg-e-aml-mediada-pela-profa-anna-palma-fale-ufmg-a-relacao-entre-a-cidade-vazia-de-fernando-sabino-e-le-cosmicomiche","status":"publish","type":"post","link":"https:\/\/consbelohorizonte.esteri.it\/pt\/news\/dal_consolato\/2023\/10\/conversa-com-o-prof-wander-melo-miranda-fale-ufmg-e-aml-mediada-pela-profa-anna-palma-fale-ufmg-a-relacao-entre-a-cidade-vazia-de-fernando-sabino-e-le-cosmicomiche\/","title":{"rendered":"Conversa com o Prof. Wander Melo Miranda (FALE UFMG e AML) mediada pela Prof\u00aa. Anna Palma (FALE UFMG): A rela\u00e7\u00e3o entre \u201cA cidade vazia\u201d, de Fernando Sabino, e \u201cLe Cosmicomiche\u201d, de Italo Calvino."},"content":{"rendered":"<p>Nesta quarta-feira, 18 de outubro, \u00e0s 19h30, o Consulado da It\u00e1lia em Belo Horizonte, em conjunto com a Casa Fiat de Cultura e o Instituto Fernando Sabino, e com o apoio cultural da Academia Mineira de Letras, vai promover um encontro gratuito para celebrar os centen\u00e1rios do escritor brasileiro Fernando Sabino e do escritor italiano Italo Calvino. A partir da conex\u00e3o estabelecida entre as obras \u2018\u2019A cidade Vazia\u2019\u2019, de Fernando Sabino, e \u2018\u2019Le Cosmicomiche\u2019\u2019, de Italo Calvino, ser\u00e1 realizada uma mesa de conversa, que vai abordar e relacionar os estilos dos autores.<\/p>\n<p>O encontro ser\u00e1 uma apresenta\u00e7\u00e3o de Wander Melo Miranda, professor em\u00e9rito da FALE UFMG e membro da Academia Mineira de Letras, com a media\u00e7\u00e3o de Anna Palma, professora da FALE UFMG, conduzindo a conversa sobre as obras dos autores. Al\u00e9m disso, a din\u00e2mica contar\u00e1 com uma participa\u00e7\u00e3o especial em v\u00eddeo de Bernardo Estill Sabino, filho do autor mineiro e presidente do Instituto Fernando Sabino.<\/p>\n<p>De acordo com Nicoletta Gomiero, C\u00f4nsul da It\u00e1lia em Belo Horizonte, &#8220;\u00e9 uma alegria celebrar a l\u00edngua italiana com uma edi\u00e7\u00e3o dedicada ao escritor Italo Calvino, um autor muito querido na It\u00e1lia por sua escrita leve, mas ao mesmo tempo profunda por ter representado de forma fant\u00e1stica o mundo real de sua \u00e9poca e t\u00ea-lo entregado \u00e0 posteridade com um estilo incisivo. Al\u00e9m de celebrar tamb\u00e9m o centen\u00e1rio de Fernando Sabino, promovendo um encontro que nos permite reunir, num di\u00e1logo liter\u00e1rio entre It\u00e1lia e Minas, dois autores t\u00e3o queridos pelo p\u00fablico por saberem expressar a realidade de sua \u00e9poca com uma linguagem universal&#8221;.<\/p>\n<p>Segundo Bernardo Sabino, \u2018\u2019\u00e9 gratificante e honroso um encontro como esse, n\u00e3o s\u00f3 celebrando e refor\u00e7ando os passos do meu pai, mas fazendo de uma forma que ele adorava: um momento para conversar, contar hist\u00f3rias, usar a criatividade e refletir sobre cada detalhe e palavra. Vai ser uma oportunidade sensacional de conectar e dialogar dois autores refer\u00eancias em suas culturas e em seus pa\u00edses. Foram, s\u00e3o e ser\u00e3o sempre importantes para o universo liter\u00e1rio\u2019\u2019.<\/p>\n<p>O bate-papo, que comp\u00f5e as atividades da Semana da L\u00edngua Italiana no Mundo, ser\u00e1 realizado na Casa Fiat de Cultura, com entrada gratuita e inscri\u00e7\u00f5es pelo Sympla &gt; <a href=\"https:\/\/www.sympla.com.br\/evento\/bate-papo-calvino-sabino-anna-palma-conversa-com-wander-melo-miranda\/2183408\">https:\/\/www.sympla.com.br\/evento\/bate-papo-calvino-sabino-anna-palma-conversa-com-wander-melo-miranda\/2183408<\/a><\/p>\n","protected":false},"excerpt":{"rendered":"Nesta quarta-feira, 18 de outubro, \u00e0s 19h30, o Consulado da It\u00e1lia em Belo Horizonte, em conjunto com a Casa Fiat de Cultura e o Instituto Fernando Sabino, e com o apoio cultural da Academia Mineira de Letras, vai promover um encontro gratuito para celebrar os centen\u00e1rios do escritor brasileiro Fernando Sabino e do escritor italiano [&hellip;]","protected":false},"author":20,"featured_media":2155,"comment_status":"closed","ping_status":"closed","sticky":false,"template":"","format":"standard","meta":{"footnotes":""},"tags":[],"class_list":["post-2157","post","type-post","status-publish","format-standard","has-post-thumbnail","hentry"],"_links":{"self":[{"href":"https:\/\/consbelohorizonte.esteri.it\/pt\/wp-json\/wp\/v2\/posts\/2157","targetHints":{"allow":["GET"]}}],"collection":[{"href":"https:\/\/consbelohorizonte.esteri.it\/pt\/wp-json\/wp\/v2\/posts"}],"about":[{"href":"https:\/\/consbelohorizonte.esteri.it\/pt\/wp-json\/wp\/v2\/types\/post"}],"author":[{"embeddable":true,"href":"https:\/\/consbelohorizonte.esteri.it\/pt\/wp-json\/wp\/v2\/users\/20"}],"replies":[{"embeddable":true,"href":"https:\/\/consbelohorizonte.esteri.it\/pt\/wp-json\/wp\/v2\/comments?post=2157"}],"version-history":[{"count":1,"href":"https:\/\/consbelohorizonte.esteri.it\/pt\/wp-json\/wp\/v2\/posts\/2157\/revisions"}],"predecessor-version":[{"id":2158,"href":"https:\/\/consbelohorizonte.esteri.it\/pt\/wp-json\/wp\/v2\/posts\/2157\/revisions\/2158"}],"wp:featuredmedia":[{"embeddable":true,"href":"https:\/\/consbelohorizonte.esteri.it\/pt\/wp-json\/wp\/v2\/media\/2155"}],"wp:attachment":[{"href":"https:\/\/consbelohorizonte.esteri.it\/pt\/wp-json\/wp\/v2\/media?parent=2157"}],"wp:term":[{"taxonomy":"post_tag","embeddable":true,"href":"https:\/\/consbelohorizonte.esteri.it\/pt\/wp-json\/wp\/v2\/tags?post=2157"}],"curies":[{"name":"wp","href":"https:\/\/api.w.org\/{rel}","templated":true}]}}