{"id":2103,"date":"2023-10-09T16:24:21","date_gmt":"2023-10-09T19:24:21","guid":{"rendered":"https:\/\/consbelohorizonte.esteri.it\/?p=2103"},"modified":"2023-10-09T16:30:30","modified_gmt":"2023-10-09T19:30:30","slug":"nota-de-falecimento-do-capitao-tenente-daniele-marino","status":"publish","type":"post","link":"https:\/\/consbelohorizonte.esteri.it\/pt\/news\/dal_consolato\/2023\/10\/nota-de-falecimento-do-capitao-tenente-daniele-marino\/","title":{"rendered":"Nota de falecimento do Capit\u00e3o-Tenente Daniele Marino"},"content":{"rendered":"<h4 class=\"_aacl _aaco _aacu _aacx _aad7 _aade\" dir=\"auto\">A Embaixada da It\u00e1lia e a rede consular italiana no Brasil prestam dolorosas condol\u00eancias \u00e0 fam\u00edlia e \u00e0 tripula\u00e7\u00e3o do navio Amerigo Vespucci pelo falecimento do Capit\u00e3o-Tenente Daniele Marino, que morreu ontem em Fortaleza em raz\u00e3o de um acidente de tr\u00e2nsito rodovi\u00e1rio.<\/p>\n<p>Nesta tr\u00e1gica circust\u00e2ncia, desde os primeiros momentos, o Consulado da It\u00e1lia em Recife, juntamente com o C\u00f4nsul Honor\u00e1rio da It\u00e1lia em Fortaleza e o Adido Militar Italiano da Embaixada da It\u00e1lia em Bras\u00edlia agiram para prestar toda a assist\u00eancia necess\u00e1ria \u00e0 tripula\u00e7\u00e3o do navio.<\/h4>\n","protected":false},"excerpt":{"rendered":"A Embaixada da It\u00e1lia e a rede consular italiana no Brasil prestam dolorosas condol\u00eancias \u00e0 fam\u00edlia e \u00e0 tripula\u00e7\u00e3o do navio Amerigo Vespucci pelo falecimento do Capit\u00e3o-Tenente Daniele Marino, que morreu ontem em Fortaleza em raz\u00e3o de um acidente de tr\u00e2nsito rodovi\u00e1rio. Nesta tr\u00e1gica circust\u00e2ncia, desde os primeiros momentos, o Consulado da It\u00e1lia em Recife, [&hellip;]","protected":false},"author":20,"featured_media":2099,"comment_status":"closed","ping_status":"closed","sticky":false,"template":"","format":"standard","meta":{"footnotes":""},"tags":[],"class_list":["post-2103","post","type-post","status-publish","format-standard","has-post-thumbnail","hentry"],"_links":{"self":[{"href":"https:\/\/consbelohorizonte.esteri.it\/pt\/wp-json\/wp\/v2\/posts\/2103","targetHints":{"allow":["GET"]}}],"collection":[{"href":"https:\/\/consbelohorizonte.esteri.it\/pt\/wp-json\/wp\/v2\/posts"}],"about":[{"href":"https:\/\/consbelohorizonte.esteri.it\/pt\/wp-json\/wp\/v2\/types\/post"}],"author":[{"embeddable":true,"href":"https:\/\/consbelohorizonte.esteri.it\/pt\/wp-json\/wp\/v2\/users\/20"}],"replies":[{"embeddable":true,"href":"https:\/\/consbelohorizonte.esteri.it\/pt\/wp-json\/wp\/v2\/comments?post=2103"}],"version-history":[{"count":1,"href":"https:\/\/consbelohorizonte.esteri.it\/pt\/wp-json\/wp\/v2\/posts\/2103\/revisions"}],"predecessor-version":[{"id":2104,"href":"https:\/\/consbelohorizonte.esteri.it\/pt\/wp-json\/wp\/v2\/posts\/2103\/revisions\/2104"}],"wp:featuredmedia":[{"embeddable":true,"href":"https:\/\/consbelohorizonte.esteri.it\/pt\/wp-json\/wp\/v2\/media\/2099"}],"wp:attachment":[{"href":"https:\/\/consbelohorizonte.esteri.it\/pt\/wp-json\/wp\/v2\/media?parent=2103"}],"wp:term":[{"taxonomy":"post_tag","embeddable":true,"href":"https:\/\/consbelohorizonte.esteri.it\/pt\/wp-json\/wp\/v2\/tags?post=2103"}],"curies":[{"name":"wp","href":"https:\/\/api.w.org\/{rel}","templated":true}]}}