{"id":2076,"date":"2023-10-02T13:18:39","date_gmt":"2023-10-02T16:18:39","guid":{"rendered":"https:\/\/consbelohorizonte.esteri.it\/?p=2076"},"modified":"2023-10-02T13:21:49","modified_gmt":"2023-10-02T16:21:49","slug":"reforco-servico-passaporte","status":"publish","type":"post","link":"https:\/\/consbelohorizonte.esteri.it\/pt\/news\/dal_consolato\/2023\/10\/reforco-servico-passaporte\/","title":{"rendered":"REFOR\u00c7O SERVI\u00c7O PASSAPORTE"},"content":{"rendered":"<p>O setor de passaporte abre novas vagas de agendamento para melhor atender \u00e0 crescente e cont\u00ednua demanda pelo servi\u00e7o!<\/p>\n","protected":false},"excerpt":{"rendered":"O setor de passaporte abre novas vagas de agendamento para melhor atender \u00e0 crescente e cont\u00ednua demanda pelo servi\u00e7o!","protected":false},"author":20,"featured_media":2080,"comment_status":"closed","ping_status":"closed","sticky":false,"template":"","format":"standard","meta":{"footnotes":""},"tags":[],"class_list":["post-2076","post","type-post","status-publish","format-standard","has-post-thumbnail","hentry"],"_links":{"self":[{"href":"https:\/\/consbelohorizonte.esteri.it\/pt\/wp-json\/wp\/v2\/posts\/2076","targetHints":{"allow":["GET"]}}],"collection":[{"href":"https:\/\/consbelohorizonte.esteri.it\/pt\/wp-json\/wp\/v2\/posts"}],"about":[{"href":"https:\/\/consbelohorizonte.esteri.it\/pt\/wp-json\/wp\/v2\/types\/post"}],"author":[{"embeddable":true,"href":"https:\/\/consbelohorizonte.esteri.it\/pt\/wp-json\/wp\/v2\/users\/20"}],"replies":[{"embeddable":true,"href":"https:\/\/consbelohorizonte.esteri.it\/pt\/wp-json\/wp\/v2\/comments?post=2076"}],"version-history":[{"count":2,"href":"https:\/\/consbelohorizonte.esteri.it\/pt\/wp-json\/wp\/v2\/posts\/2076\/revisions"}],"predecessor-version":[{"id":2083,"href":"https:\/\/consbelohorizonte.esteri.it\/pt\/wp-json\/wp\/v2\/posts\/2076\/revisions\/2083"}],"wp:featuredmedia":[{"embeddable":true,"href":"https:\/\/consbelohorizonte.esteri.it\/pt\/wp-json\/wp\/v2\/media\/2080"}],"wp:attachment":[{"href":"https:\/\/consbelohorizonte.esteri.it\/pt\/wp-json\/wp\/v2\/media?parent=2076"}],"wp:term":[{"taxonomy":"post_tag","embeddable":true,"href":"https:\/\/consbelohorizonte.esteri.it\/pt\/wp-json\/wp\/v2\/tags?post=2076"}],"curies":[{"name":"wp","href":"https:\/\/api.w.org\/{rel}","templated":true}]}}