{"id":2072,"date":"2023-10-02T12:49:07","date_gmt":"2023-10-02T15:49:07","guid":{"rendered":"https:\/\/consbelohorizonte.esteri.it\/?p=2072"},"modified":"2023-10-02T12:50:11","modified_gmt":"2023-10-02T15:50:11","slug":"mini-curso-quattro-chiacchiere-sullarte","status":"publish","type":"post","link":"https:\/\/consbelohorizonte.esteri.it\/pt\/news\/dal_consolato\/2023\/10\/mini-curso-quattro-chiacchiere-sullarte\/","title":{"rendered":"MINI-CURSO &#8220;QUATTRO CHIACCHIERE SULL&#8217;ARTE&#8221;"},"content":{"rendered":"<p class=\"_aacl _aaco _aacu _aacx _aad7 _aade\" dir=\"auto\">A escola italiana Edul\u00edngua est\u00e1 oferecendo o mini-curso \u201cQuattro chiacchiere sull\u2019arte\u201d.<\/p>\n<p>S\u00e3o 4 encontros na plataforma zoom para falar de arte para aqueles que n\u00e3o s\u00e3o especialistas no tema, mas que querem entender e apreciar a arte, ao mesmo tempo que praticam o italiano.<\/p>\n<p>Segue o calend\u00e1rio (hor\u00e1rio italiano):<br \/>\n14\/10\/23 &#8211; 15h: \u00abIl volto nell\u2019arte\u00bb<br \/>\n21\/10\/23 &#8211; 15h: \u00abLa Piet\u00e0 di Michelangelo\u00bb<br \/>\n28\/10\/23 &#8211; 15h: \u00abLe mani nell\u2019arte\u00bb<br \/>\n04\/11\/23 &#8211; 15h: \u00abI Mosaici di Ravenna\u00bb<\/p>\n<p>Ao final dos 4 encontros os participantes receber\u00e3o um atestado de frequ\u00eancia.<br \/>\nO valor total do mini- curso \u00e9 de 30 euros.<br \/>\nInscri\u00e7\u00f5es e informa\u00e7\u00f5es: info@edulingua.it<\/p>\n","protected":false},"excerpt":{"rendered":"A escola italiana Edul\u00edngua est\u00e1 oferecendo o mini-curso \u201cQuattro chiacchiere sull\u2019arte\u201d. S\u00e3o 4 encontros na plataforma zoom para falar de arte para aqueles que n\u00e3o s\u00e3o especialistas no tema, mas que querem entender e apreciar a arte, ao mesmo tempo que praticam o italiano. Segue o calend\u00e1rio (hor\u00e1rio italiano): 14\/10\/23 &#8211; 15h: \u00abIl volto nell\u2019arte\u00bb [&hellip;]","protected":false},"author":20,"featured_media":2069,"comment_status":"closed","ping_status":"closed","sticky":false,"template":"","format":"standard","meta":{"footnotes":""},"tags":[],"class_list":["post-2072","post","type-post","status-publish","format-standard","has-post-thumbnail","hentry"],"_links":{"self":[{"href":"https:\/\/consbelohorizonte.esteri.it\/pt\/wp-json\/wp\/v2\/posts\/2072","targetHints":{"allow":["GET"]}}],"collection":[{"href":"https:\/\/consbelohorizonte.esteri.it\/pt\/wp-json\/wp\/v2\/posts"}],"about":[{"href":"https:\/\/consbelohorizonte.esteri.it\/pt\/wp-json\/wp\/v2\/types\/post"}],"author":[{"embeddable":true,"href":"https:\/\/consbelohorizonte.esteri.it\/pt\/wp-json\/wp\/v2\/users\/20"}],"replies":[{"embeddable":true,"href":"https:\/\/consbelohorizonte.esteri.it\/pt\/wp-json\/wp\/v2\/comments?post=2072"}],"version-history":[{"count":3,"href":"https:\/\/consbelohorizonte.esteri.it\/pt\/wp-json\/wp\/v2\/posts\/2072\/revisions"}],"predecessor-version":[{"id":2077,"href":"https:\/\/consbelohorizonte.esteri.it\/pt\/wp-json\/wp\/v2\/posts\/2072\/revisions\/2077"}],"wp:featuredmedia":[{"embeddable":true,"href":"https:\/\/consbelohorizonte.esteri.it\/pt\/wp-json\/wp\/v2\/media\/2069"}],"wp:attachment":[{"href":"https:\/\/consbelohorizonte.esteri.it\/pt\/wp-json\/wp\/v2\/media?parent=2072"}],"wp:term":[{"taxonomy":"post_tag","embeddable":true,"href":"https:\/\/consbelohorizonte.esteri.it\/pt\/wp-json\/wp\/v2\/tags?post=2072"}],"curies":[{"name":"wp","href":"https:\/\/api.w.org\/{rel}","templated":true}]}}